{"id":305332,"date":"2025-01-27T10:38:47","date_gmt":"2025-01-27T13:38:47","guid":{"rendered":"https:\/\/www.lavras24horas.com.br\/portal\/?p=305332"},"modified":"2025-01-27T10:38:47","modified_gmt":"2025-01-27T13:38:47","slug":"noite-de-caos-chuvas-transformam-ruas-de-lavras-em-rios-e-deixam-moradores-em-alerta","status":"publish","type":"post","link":"https:\/\/www.lavras24horas.com.br\/portal\/noite-de-caos-chuvas-transformam-ruas-de-lavras-em-rios-e-deixam-moradores-em-alerta\/","title":{"rendered":"Noite de caos: chuvas transformam ruas de Lavras em rios e deixam moradores em alerta"},"content":{"rendered":"<p class=\"p1\" style=\"text-align: justify;\"><span class=\"s1\">A forte chuva que atingiu Lavras na tarde deste domingo (26) causou alagamentos e preju\u00edzos em diversos bairros da cidade. As \u00e1guas subiram rapidamente, afetando resid\u00eancias, com\u00e9rcios e vias p\u00fablicas, al\u00e9m de expor a precariedade de infraestrutura em algumas regi\u00f5es.<\/span><\/p>\n<p class=\"p1\" style=\"text-align: justify;\"><span class=\"s1\">Diversos pontos no centro da cidade tamb\u00e9m ficaram alagados, dificultando o tr\u00e1fego de ve\u00edculos e pedestres. A Rotat\u00f3ria da Ufla foi tomada pela \u00e1gua, gerando congestionamentos e transtornos para motoristas que precisavam passar pelo local.<\/span><\/p>\n<p class=\"p1\" style=\"text-align: justify;\"><span class=\"s2\">Rua Afonso Pena<\/span><\/p>\n<p class=\"p1\" style=\"text-align: justify;\"><span class=\"s1\">Um riacho transbordou e invadiu o estacionamento de um hotel pr\u00f3ximo, arrastando detritos e assustando moradores e usu\u00e1rios do local. O ac\u00famulo de \u00e1gua gerou transtornos para quem precisou transitar pela \u00e1rea.<\/span><\/p>\n<p class=\"p1\" style=\"text-align: justify;\"><span class=\"s2\">Costa Pinto<\/span><\/p>\n<p class=\"p1\" style=\"text-align: justify;\"><span class=\"s1\">Na Rua Ant\u00f4nio Pereira, o n\u00edvel da \u00e1gua subiu de forma impressionante, dificultando o tr\u00e2nsito e causando riscos materiais a moradores e comerciantes. A for\u00e7a da enxurrada evidenciou a vulnerabilidade da regi\u00e3o em per\u00edodos de chuvas intensas.<\/span><\/p>\n<p class=\"p1\" style=\"text-align: justify;\"><span class=\"s2\">Novo Horizonte<\/span><\/p>\n<p class=\"p1\" style=\"text-align: justify;\"><span class=\"s1\">O bairro enfrentou alagamentos significativos, com ruas completamente submersas. Motoristas enfrentaram dificuldades para trafegar, expondo-se a riscos de panes e preju\u00edzos mec\u00e2nicos. Moradores apontam a falta de infraestrutura como um problema recorrente.<\/span><\/p>\n<p class=\"p1\" style=\"text-align: justify;\"><span class=\"s2\">Campo do Fabril<\/span><\/p>\n<p class=\"p1\" style=\"text-align: justify;\"><span class=\"s1\">O espa\u00e7o de lazer foi transformado em uma lagoa, com o n\u00edvel da \u00e1gua cobrindo metade das traves do campo. A \u00e1rea, muito frequentada pela popula\u00e7\u00e3o, ficou completamente alagada, gerando preocupa\u00e7\u00e3o.<\/span><\/p>\n<p class=\"p1\" style=\"text-align: justify;\"><span class=\"s2\">Nova Era 3<\/span><\/p>\n<p class=\"p1\" style=\"text-align: justify;\"><span class=\"s1\">Resid\u00eancias e ruas ficaram inundadas, e o sistema de drenagem do bairro n\u00e3o suportou o grande volume de \u00e1gua. A Defesa Civil monitora a situa\u00e7\u00e3o e orienta a popula\u00e7\u00e3o a evitar as \u00e1reas afetadas.<\/span><\/p>\n<p class=\"p1\" style=\"text-align: justify;\"><span class=\"s2\">Jardim Floresta<\/span><\/p>\n<p class=\"p1\" style=\"text-align: justify;\"><span class=\"s1\">Moradores da Rua Comandante Apolino relataram agravamento de problemas estruturais antigos. Uma \u00e1rea interditada desde 2019 apresenta riscos de desmoronamento, deixando as fam\u00edlias em alerta.<\/span><\/p>\n<p class=\"p1\" style=\"text-align: justify;\"><span class=\"s2\">Morada do Sol 1<\/span><\/p>\n<p class=\"p1\" style=\"text-align: justify;\"><span class=\"s1\">Bueiros entupidos e uma tubula\u00e7\u00e3o de esgoto rompida agravaram os impactos das chuvas no bairro. A \u00e1gua acumulada desceu para uma \u00fanica rua, intensificando os transtornos. Moradores pedem provid\u00eancias urgentes da prefeitura e da Copasa.<\/span><\/p>\n<p class=\"p1\" style=\"text-align: justify;\"><span class=\"s2\">Rua Expedicion\u00e1rios<\/span><\/p>\n<p class=\"p1\" style=\"text-align: justify;\"><span class=\"s1\">Duas casas sofreram desabamentos parciais devido \u00e0 for\u00e7a das \u00e1guas. A Defesa Civil e o Corpo de Bombeiros foram acionados para socorrer os moradores. Vizinhos ajudaram no resgate de v\u00edtimas, destacando a solidariedade diante da trag\u00e9dia.<\/span><\/p>\n<p class=\"p1\" style=\"text-align: justify;\"><span class=\"s1\">A Defesa Civil segue monitorando a situa\u00e7\u00e3o em Lavras e orienta os moradores a evitarem \u00e1reas de risco. Para emerg\u00eancias, a popula\u00e7\u00e3o pode entrar em contato pelo telefone 199. A previs\u00e3o aponta mais chuvas nos pr\u00f3ximos dias, refor\u00e7ando a necessidade de precau\u00e7\u00f5es.<\/span><\/p>\n","protected":false},"excerpt":{"rendered":"<p>A forte chuva que atingiu Lavras na tarde deste domingo (26) causou alagamentos e preju\u00edzos em diversos bairros da cidade. As \u00e1guas subiram rapidamente, afetando resid\u00eancias, com\u00e9rcios e vias p\u00fablicas, al\u00e9m de expor a precariedade de infraestrutura em algumas regi\u00f5es. Diversos pontos no centro da cidade tamb\u00e9m ficaram alagados, dificultando o tr\u00e1fego de ve\u00edculos e [&hellip;]<\/p>\n","protected":false},"author":7,"featured_media":305333,"comment_status":"closed","ping_status":"closed","sticky":false,"template":"","format":"standard","meta":{"advanced_seo_description":"","jetpack_seo_html_title":"","jetpack_seo_noindex":false,"_jetpack_memberships_contains_paid_content":false,"footnotes":""},"categories":[12],"tags":[],"class_list":["post-305332","post","type-post","status-publish","format-standard","has-post-thumbnail","hentry","category-destaques-1"],"jetpack_featured_media_url":"https:\/\/i0.wp.com\/www.lavras24horas.com.br\/portal\/wp-content\/uploads\/2025\/01\/IMG_5091-scaled.jpg?fit=1183%2C2560&ssl=1","jetpack_sharing_enabled":true,"jetpack_likes_enabled":true,"_links":{"self":[{"href":"https:\/\/www.lavras24horas.com.br\/portal\/wp-json\/wp\/v2\/posts\/305332","targetHints":{"allow":["GET"]}}],"collection":[{"href":"https:\/\/www.lavras24horas.com.br\/portal\/wp-json\/wp\/v2\/posts"}],"about":[{"href":"https:\/\/www.lavras24horas.com.br\/portal\/wp-json\/wp\/v2\/types\/post"}],"author":[{"embeddable":true,"href":"https:\/\/www.lavras24horas.com.br\/portal\/wp-json\/wp\/v2\/users\/7"}],"replies":[{"embeddable":true,"href":"https:\/\/www.lavras24horas.com.br\/portal\/wp-json\/wp\/v2\/comments?post=305332"}],"version-history":[{"count":1,"href":"https:\/\/www.lavras24horas.com.br\/portal\/wp-json\/wp\/v2\/posts\/305332\/revisions"}],"predecessor-version":[{"id":305334,"href":"https:\/\/www.lavras24horas.com.br\/portal\/wp-json\/wp\/v2\/posts\/305332\/revisions\/305334"}],"wp:featuredmedia":[{"embeddable":true,"href":"https:\/\/www.lavras24horas.com.br\/portal\/wp-json\/wp\/v2\/media\/305333"}],"wp:attachment":[{"href":"https:\/\/www.lavras24horas.com.br\/portal\/wp-json\/wp\/v2\/media?parent=305332"}],"wp:term":[{"taxonomy":"category","embeddable":true,"href":"https:\/\/www.lavras24horas.com.br\/portal\/wp-json\/wp\/v2\/categories?post=305332"},{"taxonomy":"post_tag","embeddable":true,"href":"https:\/\/www.lavras24horas.com.br\/portal\/wp-json\/wp\/v2\/tags?post=305332"}],"curies":[{"name":"wp","href":"https:\/\/api.w.org\/{rel}","templated":true}]}}