{"id":304147,"date":"2024-12-04T15:27:00","date_gmt":"2024-12-04T18:27:00","guid":{"rendered":"https:\/\/www.lavras24horas.com.br\/portal\/?p=304147"},"modified":"2024-12-04T15:27:00","modified_gmt":"2024-12-04T18:27:00","slug":"policia-militar-autua-tutor-por-negligencia-a-cao-portador-de-leishmaniose","status":"publish","type":"post","link":"https:\/\/www.lavras24horas.com.br\/portal\/policia-militar-autua-tutor-por-negligencia-a-cao-portador-de-leishmaniose\/","title":{"rendered":"Pol\u00edcia Militar autua tutor por neglig\u00eancia a c\u00e3o portador de leishmaniose"},"content":{"rendered":"<p class=\"p1\" style=\"text-align: justify;\"><span class=\"s1\">Motivados por den\u00fancias an\u00f4nimas, militares do Grupamento de Pol\u00edcia Militar de Meio Ambiente de Lavras compareceram nessa quarta-feira, 4 de dezembro, em uma serralheria (em Lavras) onde um c\u00e3o era mantido em situa\u00e7\u00e3o de maus-tratos.<\/span><\/p>\n<p class=\"p1\" style=\"text-align: justify;\"><span class=\"s1\">No local, havia um c\u00e3o adulto mantido em situa\u00e7\u00e3o de pen\u00faria, ap\u00e1tico e com uma grave ferida no olho esquerdo, al\u00e9m de se apresentar extremamente magro. Perguntados, os tutores responderam que, h\u00e1 alguns meses, o c\u00e3o foi diagnosticado com Leishmaniose Visceral Canina, mas n\u00e3o iniciaram o devido tratamento.<\/span><\/p>\n<p class=\"p1\" style=\"text-align: justify;\"><span class=\"s1\">Dessa forma, por configurar crime ambiental de maus tratos, com pena prevista de reclus\u00e3o, de 2 (dois) a 5 (cinco) anos , houve a condu\u00e7\u00e3o de um tutor para a Delegacia de Pol\u00edcia Civil de Lavras, onde foi apresentado \u00e0 autoridade policial, al\u00e9m da lavratura da multa correspondente.<\/span><\/p>\n<p class=\"p1\" style=\"text-align: justify;\"><span class=\"s1\">A A Leishmaniose Visceral Canina (LVC), segundo a Secretaria Estadual de Sa\u00fade\/MG, \u00e9 uma doen\u00e7a infecciosa, grave, n\u00e3o contagiosa, que acomete os c\u00e3es. \u00c9 transmitida por meio da picada da f\u00eamea infectada do inseto flebotom\u00ednio, popularmente conhecido como mosquito palha.<\/span><\/p>\n<p class=\"p1\" style=\"text-align: justify;\"><span class=\"s1\">Como se trata de uma grave zoonose, a partir do momento que o c\u00e3o \u00e9 confirmado para leishmaniose visceral, o resultado deve ser comunicado ao tutor que, por sua vez, dever\u00e1 optar pela entrega do animal para a realiza\u00e7\u00e3o da eutan\u00e1sia ou iniciar o tratamento adequado que, por muitas vezes \u00e9 oneroso.<\/span><\/p>\n<p class=\"p1\" style=\"text-align: justify;\"><span class=\"s1\">No caso em quest\u00e3o, devido \u00e0 situa\u00e7\u00e3o cr\u00edtica e tardia do c\u00e3o recolhido, foi acionada a Vigil\u00e2ncia Sanit\u00e1ria de Lavras, que, ap\u00f3s teste laboratorial e confirma\u00e7\u00e3o da doen\u00e7a, encaminharam-no ao setor de patologia da UFLA, onde foi realizada a eutan\u00e1sia.<\/span><\/p>\n<p class=\"p1\" style=\"text-align: justify;\"><span class=\"s1\">Para preven\u00e7\u00e3o de casos como esses, importante observar sintomas como emagrecimento, apatia, queda de pelo, descama\u00e7\u00e3o e feridas na pele, febre irregular, conjuntivite e crescimento exagerado das unhas indicam necessidade de encaminhamento r\u00e1pido ao m\u00e9dico veterin\u00e1rio.<\/span><\/p>\n<p class=\"p1\" style=\"text-align: justify;\"><span class=\"s1\">As medidas mais utilizadas para prevenir a doen\u00e7a s\u00e3o:<\/span><\/p>\n<p class=\"p1\" style=\"text-align: justify;\"><span class=\"s1\">&#8211; Controlar os vetores por meio da limpeza de quintais e terrenos, recolhendo folhas e galhos.<\/span><\/p>\n<p class=\"p1\" style=\"text-align: justify;\"><span class=\"s1\">&#8211; Descartar adequadamente o lixo org\u00e2nico para que animais hospedeiros do parasita, como ratos e gamb\u00e1s, n\u00e3o se aproximem das casas.<\/span><\/p>\n<p class=\"p1\" style=\"text-align: justify;\"><span class=\"s1\">&#8211; Utilizar medidas de prote\u00e7\u00e3o individual, como o uso de repelentes, especialmente no final da tarde e \u00e0 noite, telas nas janelas e portas e mosquiteiros.<\/span><\/p>\n<p class=\"p1\" style=\"text-align: justify;\"><span class=\"s1\">&#8211; Realizar limpeza peri\u00f3dica dos abrigos de animais dom\u00e9sticos.<\/span><\/p>\n<p class=\"p1\" style=\"text-align: justify;\"><span class=\"s1\">&#8211; Uso de coleiras caninas com inseticida<\/span><\/p>\n<p class=\"p1\" style=\"text-align: justify;\"><span class=\"s1\">Fonte: @pmmg.meioambiente<\/span><\/p>\n<p><img data-recalc-dims=\"1\" fetchpriority=\"high\" decoding=\"async\" data-attachment-id=\"304149\" data-permalink=\"https:\/\/www.lavras24horas.com.br\/portal\/policia-militar-autua-tutor-por-negligencia-a-cao-portador-de-leishmaniose\/0594aa2d-a12b-4e7c-911d-e1fbd10f5023\/\" data-orig-file=\"https:\/\/i0.wp.com\/www.lavras24horas.com.br\/portal\/wp-content\/uploads\/2024\/12\/0594aa2d-a12b-4e7c-911d-e1fbd10f5023.jpeg?fit=1200%2C1284&amp;ssl=1\" data-orig-size=\"1200,1284\" data-comments-opened=\"0\" data-image-meta=\"{&quot;aperture&quot;:&quot;0&quot;,&quot;credit&quot;:&quot;&quot;,&quot;camera&quot;:&quot;&quot;,&quot;caption&quot;:&quot;&quot;,&quot;created_timestamp&quot;:&quot;0&quot;,&quot;copyright&quot;:&quot;&quot;,&quot;focal_length&quot;:&quot;0&quot;,&quot;iso&quot;:&quot;0&quot;,&quot;shutter_speed&quot;:&quot;0&quot;,&quot;title&quot;:&quot;&quot;,&quot;orientation&quot;:&quot;0&quot;}\" data-image-title=\"0594aa2d-a12b-4e7c-911d-e1fbd10f5023\" data-image-description=\"\" data-image-caption=\"\" data-large-file=\"https:\/\/i0.wp.com\/www.lavras24horas.com.br\/portal\/wp-content\/uploads\/2024\/12\/0594aa2d-a12b-4e7c-911d-e1fbd10f5023.jpeg?fit=308%2C330&amp;ssl=1\" class=\"aligncenter size-full wp-image-304149\" src=\"https:\/\/i0.wp.com\/www.lavras24horas.com.br\/portal\/wp-content\/uploads\/2024\/12\/0594aa2d-a12b-4e7c-911d-e1fbd10f5023.jpeg?resize=800%2C856&#038;ssl=1\" alt=\"\" width=\"800\" height=\"856\" srcset=\"https:\/\/i0.wp.com\/www.lavras24horas.com.br\/portal\/wp-content\/uploads\/2024\/12\/0594aa2d-a12b-4e7c-911d-e1fbd10f5023.jpeg?w=1200&amp;ssl=1 1200w, https:\/\/i0.wp.com\/www.lavras24horas.com.br\/portal\/wp-content\/uploads\/2024\/12\/0594aa2d-a12b-4e7c-911d-e1fbd10f5023.jpeg?resize=308%2C330&amp;ssl=1 308w, https:\/\/i0.wp.com\/www.lavras24horas.com.br\/portal\/wp-content\/uploads\/2024\/12\/0594aa2d-a12b-4e7c-911d-e1fbd10f5023.jpeg?resize=768%2C822&amp;ssl=1 768w\" sizes=\"(max-width: 800px) 100vw, 800px\" \/><\/p>\n<p class=\"p2\" style=\"text-align: justify;\"><span class=\"s1\"><span class=\"Apple-converted-space\">\u00a0\u00a0<\/span><\/span><\/p>\n","protected":false},"excerpt":{"rendered":"<p>Motivados por den\u00fancias an\u00f4nimas, militares do Grupamento de Pol\u00edcia Militar de Meio Ambiente de Lavras compareceram nessa quarta-feira, 4 de dezembro, em uma serralheria (em Lavras) onde um c\u00e3o era mantido em situa\u00e7\u00e3o de maus-tratos. No local, havia um c\u00e3o adulto mantido em situa\u00e7\u00e3o de pen\u00faria, ap\u00e1tico e com uma grave ferida no olho esquerdo, [&hellip;]<\/p>\n","protected":false},"author":7,"featured_media":304148,"comment_status":"closed","ping_status":"closed","sticky":false,"template":"","format":"standard","meta":{"advanced_seo_description":"","jetpack_seo_html_title":"","jetpack_seo_noindex":false,"_jetpack_memberships_contains_paid_content":false,"footnotes":""},"categories":[12],"tags":[],"class_list":["post-304147","post","type-post","status-publish","format-standard","has-post-thumbnail","hentry","category-destaques-1"],"jetpack_featured_media_url":"https:\/\/i0.wp.com\/www.lavras24horas.com.br\/portal\/wp-content\/uploads\/2024\/12\/5a55bd17-f49b-4ab2-89e1-353d1d1d6ceb.jpeg?fit=1199%2C820&ssl=1","jetpack_sharing_enabled":true,"jetpack_likes_enabled":true,"jetpack_shortlink":"https:\/\/wp.me\/p12djN-1h7B","_links":{"self":[{"href":"https:\/\/www.lavras24horas.com.br\/portal\/wp-json\/wp\/v2\/posts\/304147","targetHints":{"allow":["GET"]}}],"collection":[{"href":"https:\/\/www.lavras24horas.com.br\/portal\/wp-json\/wp\/v2\/posts"}],"about":[{"href":"https:\/\/www.lavras24horas.com.br\/portal\/wp-json\/wp\/v2\/types\/post"}],"author":[{"embeddable":true,"href":"https:\/\/www.lavras24horas.com.br\/portal\/wp-json\/wp\/v2\/users\/7"}],"replies":[{"embeddable":true,"href":"https:\/\/www.lavras24horas.com.br\/portal\/wp-json\/wp\/v2\/comments?post=304147"}],"version-history":[{"count":1,"href":"https:\/\/www.lavras24horas.com.br\/portal\/wp-json\/wp\/v2\/posts\/304147\/revisions"}],"predecessor-version":[{"id":304150,"href":"https:\/\/www.lavras24horas.com.br\/portal\/wp-json\/wp\/v2\/posts\/304147\/revisions\/304150"}],"wp:featuredmedia":[{"embeddable":true,"href":"https:\/\/www.lavras24horas.com.br\/portal\/wp-json\/wp\/v2\/media\/304148"}],"wp:attachment":[{"href":"https:\/\/www.lavras24horas.com.br\/portal\/wp-json\/wp\/v2\/media?parent=304147"}],"wp:term":[{"taxonomy":"category","embeddable":true,"href":"https:\/\/www.lavras24horas.com.br\/portal\/wp-json\/wp\/v2\/categories?post=304147"},{"taxonomy":"post_tag","embeddable":true,"href":"https:\/\/www.lavras24horas.com.br\/portal\/wp-json\/wp\/v2\/tags?post=304147"}],"curies":[{"name":"wp","href":"https:\/\/api.w.org\/{rel}","templated":true}]}}