{"id":302734,"date":"2024-10-10T10:15:48","date_gmt":"2024-10-10T13:15:48","guid":{"rendered":"https:\/\/www.lavras24horas.com.br\/portal\/?p=302734"},"modified":"2024-10-10T10:15:48","modified_gmt":"2024-10-10T13:15:48","slug":"lavras-aprova-lei-que-proibe-homenagens-a-pessoas-envolvidas-em-crimes-graves","status":"publish","type":"post","link":"https:\/\/www.lavras24horas.com.br\/portal\/lavras-aprova-lei-que-proibe-homenagens-a-pessoas-envolvidas-em-crimes-graves\/","title":{"rendered":"Lavras aprova lei que pro\u00edbe homenagens a pessoas envolvidas em crimes graves"},"content":{"rendered":"<p class=\"p1\" style=\"text-align: justify;\"><span class=\"s1\">A Prefeitura de Lavras sancionou uma nova lei que pro\u00edbe a concess\u00e3o de homenagens a pessoas que tenham praticado atos de lesa-humanidade, tortura, explora\u00e7\u00e3o do trabalho escravo, racismo, viol\u00eancia dom\u00e9stica, ou qualquer viola\u00e7\u00e3o aos direitos humanos. A legisla\u00e7\u00e3o tamb\u00e9m abrange indiv\u00edduos condenados por crimes contra o patrim\u00f4nio, corrup\u00e7\u00e3o ou atos de improbidade administrativa.<\/span><\/p>\n<p class=\"p1\" style=\"text-align: justify;\"><span class=\"s1\">O projeto foi aprovado pela C\u00e2mara Municipal de Lavras e sancionado pela prefeita do munic\u00edpio nesta quarta-feira, 9 de outubro de 2024.<\/span><\/p>\n<p class=\"p1\" style=\"text-align: justify;\"><span class=\"s1\">De acordo com a nova lei, a Administra\u00e7\u00e3o P\u00fablica de Lavras est\u00e1 proibida de homenagear pessoas envolvidas nessas pr\u00e1ticas, seja em solenidades, seja na denomina\u00e7\u00e3o de logradouros ou pr\u00e9dios p\u00fablicos.<\/span><\/p>\n<p class=\"p1\" style=\"text-align: justify;\"><span class=\"s1\">A medida estabelece que, no caso de crimes de lesa-humanidade, a pessoa deve ter sido condenada por tribunal internacional. Para outros crimes mencionados na lei, como tortura, racismo e corrup\u00e7\u00e3o, \u00e9 necess\u00e1rio que a condena\u00e7\u00e3o tenha transitado em julgado, ou seja, sem possibilidade de recurso.<\/span><\/p>\n<p class=\"p1\" style=\"text-align: justify;\"><span class=\"s1\">O texto ainda determina que a certid\u00e3o de antecedentes criminais seja apresentada em qualquer projeto de lei que tenha como objetivo homenagear uma pessoa, garantindo maior rigor na verifica\u00e7\u00e3o dos candidatos a homenagens.<\/span><\/p>\n<p class=\"p1\" style=\"text-align: justify;\"><span class=\"s1\">A lei entra em vigor a partir da data de sua publica\u00e7\u00e3o.<\/span><\/p>\n","protected":false},"excerpt":{"rendered":"<p>A Prefeitura de Lavras sancionou uma nova lei que pro\u00edbe a concess\u00e3o de homenagens a pessoas que tenham praticado atos de lesa-humanidade, tortura, explora\u00e7\u00e3o do trabalho escravo, racismo, viol\u00eancia dom\u00e9stica, ou qualquer viola\u00e7\u00e3o aos direitos humanos. A legisla\u00e7\u00e3o tamb\u00e9m abrange indiv\u00edduos condenados por crimes contra o patrim\u00f4nio, corrup\u00e7\u00e3o ou atos de improbidade administrativa. O projeto [&hellip;]<\/p>\n","protected":false},"author":7,"featured_media":302735,"comment_status":"closed","ping_status":"closed","sticky":false,"template":"","format":"standard","meta":{"advanced_seo_description":"","jetpack_seo_html_title":"","jetpack_seo_noindex":false,"_jetpack_memberships_contains_paid_content":false,"footnotes":""},"categories":[12],"tags":[],"class_list":["post-302734","post","type-post","status-publish","format-standard","has-post-thumbnail","hentry","category-destaques-1"],"jetpack_featured_media_url":"https:\/\/i0.wp.com\/www.lavras24horas.com.br\/portal\/wp-content\/uploads\/2024\/10\/IMG_9689.jpeg?fit=984%2C554&ssl=1","jetpack_sharing_enabled":true,"jetpack_likes_enabled":true,"jetpack_shortlink":"https:\/\/wp.me\/p12djN-1gKO","_links":{"self":[{"href":"https:\/\/www.lavras24horas.com.br\/portal\/wp-json\/wp\/v2\/posts\/302734","targetHints":{"allow":["GET"]}}],"collection":[{"href":"https:\/\/www.lavras24horas.com.br\/portal\/wp-json\/wp\/v2\/posts"}],"about":[{"href":"https:\/\/www.lavras24horas.com.br\/portal\/wp-json\/wp\/v2\/types\/post"}],"author":[{"embeddable":true,"href":"https:\/\/www.lavras24horas.com.br\/portal\/wp-json\/wp\/v2\/users\/7"}],"replies":[{"embeddable":true,"href":"https:\/\/www.lavras24horas.com.br\/portal\/wp-json\/wp\/v2\/comments?post=302734"}],"version-history":[{"count":1,"href":"https:\/\/www.lavras24horas.com.br\/portal\/wp-json\/wp\/v2\/posts\/302734\/revisions"}],"predecessor-version":[{"id":302736,"href":"https:\/\/www.lavras24horas.com.br\/portal\/wp-json\/wp\/v2\/posts\/302734\/revisions\/302736"}],"wp:featuredmedia":[{"embeddable":true,"href":"https:\/\/www.lavras24horas.com.br\/portal\/wp-json\/wp\/v2\/media\/302735"}],"wp:attachment":[{"href":"https:\/\/www.lavras24horas.com.br\/portal\/wp-json\/wp\/v2\/media?parent=302734"}],"wp:term":[{"taxonomy":"category","embeddable":true,"href":"https:\/\/www.lavras24horas.com.br\/portal\/wp-json\/wp\/v2\/categories?post=302734"},{"taxonomy":"post_tag","embeddable":true,"href":"https:\/\/www.lavras24horas.com.br\/portal\/wp-json\/wp\/v2\/tags?post=302734"}],"curies":[{"name":"wp","href":"https:\/\/api.w.org\/{rel}","templated":true}]}}