{"id":302478,"date":"2024-09-21T20:30:44","date_gmt":"2024-09-21T23:30:44","guid":{"rendered":"https:\/\/www.lavras24horas.com.br\/portal\/?p=302478"},"modified":"2024-09-21T20:30:44","modified_gmt":"2024-09-21T23:30:44","slug":"em-mg-216-pessoas-foram-conduzidas-pela-pm-este-ano-por-envolvimento-em-incendios-criminosos","status":"publish","type":"post","link":"https:\/\/www.lavras24horas.com.br\/portal\/em-mg-216-pessoas-foram-conduzidas-pela-pm-este-ano-por-envolvimento-em-incendios-criminosos\/","title":{"rendered":"Em MG, 216 pessoas foram conduzidas pela PM este ano por envolvimento em inc\u00eandios criminosos"},"content":{"rendered":"<p style=\"text-align: justify;\">Desde o in\u00edcio deste ano ano, 216 pessoas foram conduzidas pela Policia Militar de Minas Gerais por suspeita de se envolverem em inc\u00eandios criminosos. 76 desses casos est\u00e3o associados \u00e0 quest\u00e3o ambiental.<\/p>\n<p>Esses dados acabaram de ser divulgados em uma coletiva de imprensa com representantes das For\u00e7as de Seguran\u00e7a e do Sistema Estadual de Meio Ambiente e Recursos H\u00eddricos em Minas Gerais.<\/p>\n<p>Segundo a Policia Civil, 91 dessas condu\u00e7\u00f5es \u00e0 delegacia resultaram em indiciamentos.<\/p>\n<p>Ao todo, somente neste ano, 63 unidades de conserva\u00e7\u00e3o foram atingidas at\u00e9 o momento, por focos de incendio. S\u00e3o 12.300 hectares de \u00e1rea queimada, sendo mais de 200 ocorr\u00eancias contabilizadas.<\/p>\n<p>Tamb\u00e9m j\u00e1 foram aplicadas mais de 400 multas a pessoas flagradas fazendo uso do fogo de forma indevida.<\/p>\n<p>Segundo o corpo de bombeiros, as regi\u00f5es central, zona da mata e triangulo mineiro concentram o maior n\u00famero de ocorrencia de incendios em vegeta\u00e7\u00e3o.<\/p>\n<p>Fonte: CNB<\/p>\n","protected":false},"excerpt":{"rendered":"<p>Desde o in\u00edcio deste ano ano, 216 pessoas foram conduzidas pela Policia Militar de Minas Gerais por suspeita de se envolverem em inc\u00eandios criminosos. 76 desses casos est\u00e3o associados \u00e0 quest\u00e3o ambiental. Esses dados acabaram de ser divulgados em uma coletiva de imprensa com representantes das For\u00e7as de Seguran\u00e7a e do Sistema Estadual de Meio [&hellip;]<\/p>\n","protected":false},"author":7,"featured_media":302479,"comment_status":"closed","ping_status":"closed","sticky":false,"template":"","format":"standard","meta":{"advanced_seo_description":"","jetpack_seo_html_title":"","jetpack_seo_noindex":false,"_jetpack_memberships_contains_paid_content":false,"footnotes":""},"categories":[12],"tags":[],"class_list":["post-302478","post","type-post","status-publish","format-standard","has-post-thumbnail","hentry","category-destaques-1"],"jetpack_featured_media_url":"https:\/\/i0.wp.com\/www.lavras24horas.com.br\/portal\/wp-content\/uploads\/2024\/09\/fogo-na-floresta.jpg?fit=931%2C618&ssl=1","jetpack_sharing_enabled":true,"jetpack_likes_enabled":true,"jetpack_shortlink":"https:\/\/wp.me\/p12djN-1gGG","_links":{"self":[{"href":"https:\/\/www.lavras24horas.com.br\/portal\/wp-json\/wp\/v2\/posts\/302478","targetHints":{"allow":["GET"]}}],"collection":[{"href":"https:\/\/www.lavras24horas.com.br\/portal\/wp-json\/wp\/v2\/posts"}],"about":[{"href":"https:\/\/www.lavras24horas.com.br\/portal\/wp-json\/wp\/v2\/types\/post"}],"author":[{"embeddable":true,"href":"https:\/\/www.lavras24horas.com.br\/portal\/wp-json\/wp\/v2\/users\/7"}],"replies":[{"embeddable":true,"href":"https:\/\/www.lavras24horas.com.br\/portal\/wp-json\/wp\/v2\/comments?post=302478"}],"version-history":[{"count":1,"href":"https:\/\/www.lavras24horas.com.br\/portal\/wp-json\/wp\/v2\/posts\/302478\/revisions"}],"predecessor-version":[{"id":302480,"href":"https:\/\/www.lavras24horas.com.br\/portal\/wp-json\/wp\/v2\/posts\/302478\/revisions\/302480"}],"wp:featuredmedia":[{"embeddable":true,"href":"https:\/\/www.lavras24horas.com.br\/portal\/wp-json\/wp\/v2\/media\/302479"}],"wp:attachment":[{"href":"https:\/\/www.lavras24horas.com.br\/portal\/wp-json\/wp\/v2\/media?parent=302478"}],"wp:term":[{"taxonomy":"category","embeddable":true,"href":"https:\/\/www.lavras24horas.com.br\/portal\/wp-json\/wp\/v2\/categories?post=302478"},{"taxonomy":"post_tag","embeddable":true,"href":"https:\/\/www.lavras24horas.com.br\/portal\/wp-json\/wp\/v2\/tags?post=302478"}],"curies":[{"name":"wp","href":"https:\/\/api.w.org\/{rel}","templated":true}]}}