{"id":302464,"date":"2024-09-20T11:36:01","date_gmt":"2024-09-20T14:36:01","guid":{"rendered":"https:\/\/www.lavras24horas.com.br\/portal\/?p=302464"},"modified":"2024-09-20T11:36:01","modified_gmt":"2024-09-20T14:36:01","slug":"confronto-entre-policia-militar-e-traficante-deixa-dois-feridos-em-lavras","status":"publish","type":"post","link":"https:\/\/www.lavras24horas.com.br\/portal\/confronto-entre-policia-militar-e-traficante-deixa-dois-feridos-em-lavras\/","title":{"rendered":"Confronto entre Pol\u00edcia Militar e traficante deixa dois feridos em Lavras"},"content":{"rendered":"<p class=\"p1\" style=\"text-align: justify;\"><span class=\"s1\">Na manh\u00e3 desta sexta-feira (20\/09), a Pol\u00edcia Militar realizou uma opera\u00e7\u00e3o no bairro Serra Verde com o objetivo de prender um indiv\u00edduo com dois mandados de pris\u00e3o em aberto, envolvido em v\u00e1rios crimes na cidade de Lavras.<\/span><\/p>\n<p class=\"p1\" style=\"text-align: justify;\"><span class=\"s1\">Durante a a\u00e7\u00e3o, houve confronto armado, resultando em dois feridos, sendo um deles um policial.<\/span><\/p>\n<p class=\"p1\" style=\"text-align: justify;\"><span class=\"s1\">De acordo com as informa\u00e7\u00f5es preliminares, o suspeito tentou fugir, pulando pelos quintais de v\u00e1rias casas vizinhas. Para cont\u00ea-lo, os policiais fizeram uso progressivo da for\u00e7a, incluindo disparos de elast\u00f4mero. No momento do cerco, o indiv\u00edduo investiu contra os militares, o que levou a Pol\u00edcia a realizar um disparo de arma de fogo para conter a agress\u00e3o iminente.<\/span><\/p>\n<p class=\"p1\" style=\"text-align: justify;\"><span class=\"s1\">Tanto o suspeito quanto o policial ferido foram socorridos e encaminhados para o hospital, onde receberam atendimento m\u00e9dico. O policial sofreu ferimentos leves e permanece em observa\u00e7\u00e3o. O estado de sa\u00fade do suspeito n\u00e3o foi divulgado.<\/span><\/p>\n<p class=\"p1\" style=\"text-align: justify;\"><span class=\"s1\">A opera\u00e7\u00e3o faz parte de um esfor\u00e7o cont\u00ednuo das autoridades para combater o tr\u00e1fico de drogas e outros crimes na regi\u00e3o.<\/span><\/p>\n<p class=\"p1\" style=\"text-align: justify;\"><span class=\"s1\">A ocorr\u00eancia ainda est\u00e1 em andamento, e as provid\u00eancias policiais est\u00e3o sendo adotadas conforme os procedimentos cab\u00edveis.<\/span><\/p>\n","protected":false},"excerpt":{"rendered":"<p>Na manh\u00e3 desta sexta-feira (20\/09), a Pol\u00edcia Militar realizou uma opera\u00e7\u00e3o no bairro Serra Verde com o objetivo de prender um indiv\u00edduo com dois mandados de pris\u00e3o em aberto, envolvido em v\u00e1rios crimes na cidade de Lavras. Durante a a\u00e7\u00e3o, houve confronto armado, resultando em dois feridos, sendo um deles um policial. De acordo com [&hellip;]<\/p>\n","protected":false},"author":7,"featured_media":302465,"comment_status":"closed","ping_status":"closed","sticky":false,"template":"","format":"standard","meta":{"advanced_seo_description":"","jetpack_seo_html_title":"","jetpack_seo_noindex":false,"_jetpack_memberships_contains_paid_content":false,"footnotes":""},"categories":[12],"tags":[],"class_list":["post-302464","post","type-post","status-publish","format-standard","has-post-thumbnail","hentry","category-destaques-1"],"jetpack_featured_media_url":"https:\/\/i0.wp.com\/www.lavras24horas.com.br\/portal\/wp-content\/uploads\/2024\/09\/IMG_8865.jpeg?fit=1284%2C1045&ssl=1","jetpack_sharing_enabled":true,"jetpack_likes_enabled":true,"_links":{"self":[{"href":"https:\/\/www.lavras24horas.com.br\/portal\/wp-json\/wp\/v2\/posts\/302464","targetHints":{"allow":["GET"]}}],"collection":[{"href":"https:\/\/www.lavras24horas.com.br\/portal\/wp-json\/wp\/v2\/posts"}],"about":[{"href":"https:\/\/www.lavras24horas.com.br\/portal\/wp-json\/wp\/v2\/types\/post"}],"author":[{"embeddable":true,"href":"https:\/\/www.lavras24horas.com.br\/portal\/wp-json\/wp\/v2\/users\/7"}],"replies":[{"embeddable":true,"href":"https:\/\/www.lavras24horas.com.br\/portal\/wp-json\/wp\/v2\/comments?post=302464"}],"version-history":[{"count":1,"href":"https:\/\/www.lavras24horas.com.br\/portal\/wp-json\/wp\/v2\/posts\/302464\/revisions"}],"predecessor-version":[{"id":302466,"href":"https:\/\/www.lavras24horas.com.br\/portal\/wp-json\/wp\/v2\/posts\/302464\/revisions\/302466"}],"wp:featuredmedia":[{"embeddable":true,"href":"https:\/\/www.lavras24horas.com.br\/portal\/wp-json\/wp\/v2\/media\/302465"}],"wp:attachment":[{"href":"https:\/\/www.lavras24horas.com.br\/portal\/wp-json\/wp\/v2\/media?parent=302464"}],"wp:term":[{"taxonomy":"category","embeddable":true,"href":"https:\/\/www.lavras24horas.com.br\/portal\/wp-json\/wp\/v2\/categories?post=302464"},{"taxonomy":"post_tag","embeddable":true,"href":"https:\/\/www.lavras24horas.com.br\/portal\/wp-json\/wp\/v2\/tags?post=302464"}],"curies":[{"name":"wp","href":"https:\/\/api.w.org\/{rel}","templated":true}]}}