{"id":301511,"date":"2024-07-28T17:35:54","date_gmt":"2024-07-28T20:35:54","guid":{"rendered":"https:\/\/www.lavras24horas.com.br\/portal\/?p=301511"},"modified":"2024-07-28T17:35:54","modified_gmt":"2024-07-28T20:35:54","slug":"detentos-se-revoltam-e-causam-tumulto-na-penitenciaria-de-tres-coracoes","status":"publish","type":"post","link":"https:\/\/www.lavras24horas.com.br\/portal\/detentos-se-revoltam-e-causam-tumulto-na-penitenciaria-de-tres-coracoes\/","title":{"rendered":"Detentos se revoltam e causam tumulto na Penitenci\u00e1ria de Tr\u00eas Cora\u00e7\u00f5es"},"content":{"rendered":"<p style=\"text-align: justify;\">Detentos da Penitenci\u00e1ria de Tr\u00eas Cora\u00e7\u00f5es (MG) se revoltaram e causaram tumulto na unidade na noite de quinta-feira (25). O motivo seria a proibi\u00e7\u00e3o de cigarros em unidades prisionais do estado, determinada pelo governo de Minas Gerais no in\u00edcio de julho.<\/p>\n<p style=\"text-align: justify;\">Segundo a Secretaria de Justi\u00e7a e Seguran\u00e7a P\u00fablica de Minas Gerais (Sejusp), na manh\u00e3 desta sexta-feira (26), os policiais penais da penitenci\u00e1ria controlaram as manifesta\u00e7\u00f5es de detentos de tr\u00eas celas da unidade que, de dentro dos espa\u00e7os, batiam nas grades, provocando barulho.<\/p>\n<p style=\"text-align: justify;\">Ainda conforme a Sejusp, um procedimento interno foi instaurado para apurar administrativamente o ocorrido, inclusive poss\u00edveis danos ao patrim\u00f4nio. Segundo a secretaria, o epis\u00f3dio foi uma subvers\u00e3o da ordem, ou seja, situa\u00e7\u00e3o na qual o controle da unidade n\u00e3o \u00e9 perdido pelos policiais penais e os eventos s\u00e3o controlados de forma r\u00e1pida.<\/p>\n<p style=\"text-align: justify;\">A secretaria n\u00e3o confirmou se o motivo do tumulto foi a proibi\u00e7\u00e3o dos cigarros e completou dizendo que os envolvidos na situa\u00e7\u00e3o ser\u00e3o ouvidos pela dire\u00e7\u00e3o da unidade prisional para entendimento das reivindica\u00e7\u00f5es. A unidade segue sua rotina.<\/p>\n<p style=\"text-align: justify;\">Proibi\u00e7\u00e3o de cigarros<\/p>\n<p style=\"text-align: justify;\">Segundo informa\u00e7\u00f5es da Sejusp, a decis\u00e3o de proibir os cigarros \u00e9 baseada na sa\u00fade dos presos e na seguran\u00e7a dos pres\u00eddios. O Estado espera combater o uso de cigarros, evitar que eles sejam usados como moeda de troca, proibir a entrada de isqueiros e f\u00f3sforos e impedir o uso de drogas em geral.<\/p>\n<p style=\"text-align: justify;\">O dia 31 de julho \u00e9 a data limite para a retirada total dos cigarros em unidades de pequeno porte e Centros de Remanejamento (CERESP\u2019s).<\/p>\n<p style=\"text-align: justify;\">G1<\/p>\n","protected":false},"excerpt":{"rendered":"<p>Detentos da Penitenci\u00e1ria de Tr\u00eas Cora\u00e7\u00f5es (MG) se revoltaram e causaram tumulto na unidade na noite de quinta-feira (25). O motivo seria a proibi\u00e7\u00e3o de cigarros em unidades prisionais do estado, determinada pelo governo de Minas Gerais no in\u00edcio de julho. Segundo a Secretaria de Justi\u00e7a e Seguran\u00e7a P\u00fablica de Minas Gerais (Sejusp), na manh\u00e3 [&hellip;]<\/p>\n","protected":false},"author":7,"featured_media":301512,"comment_status":"closed","ping_status":"closed","sticky":false,"template":"","format":"standard","meta":{"advanced_seo_description":"","jetpack_seo_html_title":"","jetpack_seo_noindex":false,"_jetpack_memberships_contains_paid_content":false,"footnotes":""},"categories":[12],"tags":[],"class_list":["post-301511","post","type-post","status-publish","format-standard","has-post-thumbnail","hentry","category-destaques-1"],"jetpack_featured_media_url":"https:\/\/i0.wp.com\/www.lavras24horas.com.br\/portal\/wp-content\/uploads\/2024\/07\/IMG_6288.jpeg?fit=1000%2C552&ssl=1","jetpack_sharing_enabled":true,"jetpack_likes_enabled":true,"_links":{"self":[{"href":"https:\/\/www.lavras24horas.com.br\/portal\/wp-json\/wp\/v2\/posts\/301511","targetHints":{"allow":["GET"]}}],"collection":[{"href":"https:\/\/www.lavras24horas.com.br\/portal\/wp-json\/wp\/v2\/posts"}],"about":[{"href":"https:\/\/www.lavras24horas.com.br\/portal\/wp-json\/wp\/v2\/types\/post"}],"author":[{"embeddable":true,"href":"https:\/\/www.lavras24horas.com.br\/portal\/wp-json\/wp\/v2\/users\/7"}],"replies":[{"embeddable":true,"href":"https:\/\/www.lavras24horas.com.br\/portal\/wp-json\/wp\/v2\/comments?post=301511"}],"version-history":[{"count":1,"href":"https:\/\/www.lavras24horas.com.br\/portal\/wp-json\/wp\/v2\/posts\/301511\/revisions"}],"predecessor-version":[{"id":301513,"href":"https:\/\/www.lavras24horas.com.br\/portal\/wp-json\/wp\/v2\/posts\/301511\/revisions\/301513"}],"wp:featuredmedia":[{"embeddable":true,"href":"https:\/\/www.lavras24horas.com.br\/portal\/wp-json\/wp\/v2\/media\/301512"}],"wp:attachment":[{"href":"https:\/\/www.lavras24horas.com.br\/portal\/wp-json\/wp\/v2\/media?parent=301511"}],"wp:term":[{"taxonomy":"category","embeddable":true,"href":"https:\/\/www.lavras24horas.com.br\/portal\/wp-json\/wp\/v2\/categories?post=301511"},{"taxonomy":"post_tag","embeddable":true,"href":"https:\/\/www.lavras24horas.com.br\/portal\/wp-json\/wp\/v2\/tags?post=301511"}],"curies":[{"name":"wp","href":"https:\/\/api.w.org\/{rel}","templated":true}]}}