{"id":301005,"date":"2024-07-01T11:08:22","date_gmt":"2024-07-01T14:08:22","guid":{"rendered":"https:\/\/www.lavras24horas.com.br\/portal\/?p=301005"},"modified":"2024-07-01T11:09:24","modified_gmt":"2024-07-01T14:09:24","slug":"superacao-e-emocao-na-meia-maratona-internacional-atleta-cego-de-lavras-conquista-medalha-em-bh","status":"publish","type":"post","link":"https:\/\/www.lavras24horas.com.br\/portal\/superacao-e-emocao-na-meia-maratona-internacional-atleta-cego-de-lavras-conquista-medalha-em-bh\/","title":{"rendered":"Supera\u00e7\u00e3o e emo\u00e7\u00e3o na Meia-Maratona Internacional: atleta cego de Lavras conquista medalha em BH"},"content":{"rendered":"<p style=\"text-align: justify;\">No \u00faltimo dia 30 de junho, Belo Horizonte foi palco de uma emocionante jornada esportiva durante a Meia-Maratona Internacional. Entre os participantes, uma dupla se destacou de maneira especial: Maikon, cego h\u00e1 tr\u00eas anos, e Larissa Paiva, sua guia durante a prova.<\/p>\n<p style=\"text-align: justify;\">Maikon e Larissa n\u00e3o apenas completaram os desafiadores 21 quil\u00f4metros da prova, como tamb\u00e9m conquistaram a terceira coloca\u00e7\u00e3o na categoria Pessoas com Defici\u00eancia (PCD). Inicialmente, o objetivo da dupla era completar a prova em duas horas. No entanto, com uma sincronia admir\u00e1vel, finalizaram em uma hora e cinquenta e oito minutos, superando suas pr\u00f3prias expectativas em dois minutos.<\/p>\n<p style=\"text-align: justify;\">\u201cCorremos com bastante sintonia. Foi uma prova muito desafiadora, mas estamos muito felizes com o resultado alcan\u00e7ado\u201d, compartilhou Larissa Paiva. Al\u00e9m de guiar Maikon na corrida, Larissa \u00e9 profissional de educa\u00e7\u00e3o f\u00edsica e trabalha no Sesc.<\/p>\n<p style=\"text-align: justify;\">Esta n\u00e3o foi a primeira competi\u00e7\u00e3o da dupla. Anteriormente, participaram da Corrida das Esta\u00e7\u00f5es, alcan\u00e7ando excelentes resultados. \u201cEstamos treinando intensamente para a segunda etapa da Corrida das Esta\u00e7\u00f5es. Nosso objetivo \u00e9 manter o primeiro lugar e melhorar nosso tempo anterior\u201d, comentou Maikon, que al\u00e9m de atleta amador, \u00e9 servidor p\u00fablico.<\/p>\n<p style=\"text-align: justify;\">Larissa ressaltou a import\u00e2ncia do apoio da comunidade, da fam\u00edlia e dos patrocinadores para alcan\u00e7ar esses resultados: \u201cSem eles, nada disso seria poss\u00edvel. O suporte que recebemos \u00e9 fundamental para nosso crescimento como atletas\u201d.<\/p>\n<p style=\"text-align: justify;\">Com muita determina\u00e7\u00e3o e um esp\u00edrito de supera\u00e7\u00e3o inspirador, Maikon e Larissa continuam a desafiar seus limites e a conquistar novos horizontes no mundo da corrida.<\/p>\n<p><img data-recalc-dims=\"1\" fetchpriority=\"high\" decoding=\"async\" data-attachment-id=\"301006\" data-permalink=\"https:\/\/www.lavras24horas.com.br\/portal\/superacao-e-emocao-na-meia-maratona-internacional-atleta-cego-de-lavras-conquista-medalha-em-bh\/8bc93021-b779-4770-b9a7-d8a2b47c7620\/\" data-orig-file=\"https:\/\/i0.wp.com\/www.lavras24horas.com.br\/portal\/wp-content\/uploads\/2024\/07\/8bc93021-b779-4770-b9a7-d8a2b47c7620-scaled.jpeg?fit=1920%2C2560&amp;ssl=1\" data-orig-size=\"1920,2560\" data-comments-opened=\"0\" data-image-meta=\"{&quot;aperture&quot;:&quot;0&quot;,&quot;credit&quot;:&quot;&quot;,&quot;camera&quot;:&quot;&quot;,&quot;caption&quot;:&quot;&quot;,&quot;created_timestamp&quot;:&quot;1719833906&quot;,&quot;copyright&quot;:&quot;&quot;,&quot;focal_length&quot;:&quot;0&quot;,&quot;iso&quot;:&quot;0&quot;,&quot;shutter_speed&quot;:&quot;0&quot;,&quot;title&quot;:&quot;&quot;,&quot;orientation&quot;:&quot;1&quot;}\" data-image-title=\"8bc93021-b779-4770-b9a7-d8a2b47c7620\" data-image-description=\"\" data-image-caption=\"\" data-large-file=\"https:\/\/i0.wp.com\/www.lavras24horas.com.br\/portal\/wp-content\/uploads\/2024\/07\/8bc93021-b779-4770-b9a7-d8a2b47c7620-scaled.jpeg?fit=248%2C330&amp;ssl=1\" class=\"aligncenter size-full wp-image-301006\" src=\"https:\/\/i0.wp.com\/www.lavras24horas.com.br\/portal\/wp-content\/uploads\/2024\/07\/8bc93021-b779-4770-b9a7-d8a2b47c7620-scaled.jpeg?resize=800%2C1067&#038;ssl=1\" alt=\"\" width=\"800\" height=\"1067\" srcset=\"https:\/\/i0.wp.com\/www.lavras24horas.com.br\/portal\/wp-content\/uploads\/2024\/07\/8bc93021-b779-4770-b9a7-d8a2b47c7620-scaled.jpeg?w=1920&amp;ssl=1 1920w, https:\/\/i0.wp.com\/www.lavras24horas.com.br\/portal\/wp-content\/uploads\/2024\/07\/8bc93021-b779-4770-b9a7-d8a2b47c7620-scaled.jpeg?resize=248%2C330&amp;ssl=1 248w, https:\/\/i0.wp.com\/www.lavras24horas.com.br\/portal\/wp-content\/uploads\/2024\/07\/8bc93021-b779-4770-b9a7-d8a2b47c7620-scaled.jpeg?resize=768%2C1024&amp;ssl=1 768w, https:\/\/i0.wp.com\/www.lavras24horas.com.br\/portal\/wp-content\/uploads\/2024\/07\/8bc93021-b779-4770-b9a7-d8a2b47c7620-scaled.jpeg?resize=1152%2C1536&amp;ssl=1 1152w, https:\/\/i0.wp.com\/www.lavras24horas.com.br\/portal\/wp-content\/uploads\/2024\/07\/8bc93021-b779-4770-b9a7-d8a2b47c7620-scaled.jpeg?resize=1536%2C2048&amp;ssl=1 1536w, https:\/\/i0.wp.com\/www.lavras24horas.com.br\/portal\/wp-content\/uploads\/2024\/07\/8bc93021-b779-4770-b9a7-d8a2b47c7620-scaled.jpeg?w=1600&amp;ssl=1 1600w\" sizes=\"(max-width: 800px) 100vw, 800px\" \/> <img data-recalc-dims=\"1\" decoding=\"async\" data-attachment-id=\"301007\" data-permalink=\"https:\/\/www.lavras24horas.com.br\/portal\/superacao-e-emocao-na-meia-maratona-internacional-atleta-cego-de-lavras-conquista-medalha-em-bh\/dd985e57-dbf5-4b4f-b023-745c758bca8e\/\" data-orig-file=\"https:\/\/i0.wp.com\/www.lavras24horas.com.br\/portal\/wp-content\/uploads\/2024\/07\/dd985e57-dbf5-4b4f-b023-745c758bca8e-scaled.jpeg?fit=1920%2C2560&amp;ssl=1\" data-orig-size=\"1920,2560\" data-comments-opened=\"0\" data-image-meta=\"{&quot;aperture&quot;:&quot;0&quot;,&quot;credit&quot;:&quot;&quot;,&quot;camera&quot;:&quot;&quot;,&quot;caption&quot;:&quot;&quot;,&quot;created_timestamp&quot;:&quot;1719833906&quot;,&quot;copyright&quot;:&quot;&quot;,&quot;focal_length&quot;:&quot;0&quot;,&quot;iso&quot;:&quot;0&quot;,&quot;shutter_speed&quot;:&quot;0&quot;,&quot;title&quot;:&quot;&quot;,&quot;orientation&quot;:&quot;1&quot;}\" data-image-title=\"dd985e57-dbf5-4b4f-b023-745c758bca8e\" data-image-description=\"\" data-image-caption=\"\" data-large-file=\"https:\/\/i0.wp.com\/www.lavras24horas.com.br\/portal\/wp-content\/uploads\/2024\/07\/dd985e57-dbf5-4b4f-b023-745c758bca8e-scaled.jpeg?fit=248%2C330&amp;ssl=1\" class=\"aligncenter size-full wp-image-301007 lazyload\" data-src=\"https:\/\/i0.wp.com\/www.lavras24horas.com.br\/portal\/wp-content\/uploads\/2024\/07\/dd985e57-dbf5-4b4f-b023-745c758bca8e-scaled.jpeg?resize=800%2C1067&#038;ssl=1\" alt=\"\" width=\"800\" height=\"1067\" data-srcset=\"https:\/\/i0.wp.com\/www.lavras24horas.com.br\/portal\/wp-content\/uploads\/2024\/07\/dd985e57-dbf5-4b4f-b023-745c758bca8e-scaled.jpeg?w=1920&amp;ssl=1 1920w, https:\/\/i0.wp.com\/www.lavras24horas.com.br\/portal\/wp-content\/uploads\/2024\/07\/dd985e57-dbf5-4b4f-b023-745c758bca8e-scaled.jpeg?resize=248%2C330&amp;ssl=1 248w, https:\/\/i0.wp.com\/www.lavras24horas.com.br\/portal\/wp-content\/uploads\/2024\/07\/dd985e57-dbf5-4b4f-b023-745c758bca8e-scaled.jpeg?resize=768%2C1024&amp;ssl=1 768w, https:\/\/i0.wp.com\/www.lavras24horas.com.br\/portal\/wp-content\/uploads\/2024\/07\/dd985e57-dbf5-4b4f-b023-745c758bca8e-scaled.jpeg?resize=1152%2C1536&amp;ssl=1 1152w, https:\/\/i0.wp.com\/www.lavras24horas.com.br\/portal\/wp-content\/uploads\/2024\/07\/dd985e57-dbf5-4b4f-b023-745c758bca8e-scaled.jpeg?resize=1536%2C2048&amp;ssl=1 1536w, https:\/\/i0.wp.com\/www.lavras24horas.com.br\/portal\/wp-content\/uploads\/2024\/07\/dd985e57-dbf5-4b4f-b023-745c758bca8e-scaled.jpeg?w=1600&amp;ssl=1 1600w\" data-sizes=\"(max-width: 800px) 100vw, 800px\" src=\"data:image\/svg+xml;base64,PHN2ZyB3aWR0aD0iMSIgaGVpZ2h0PSIxIiB4bWxucz0iaHR0cDovL3d3dy53My5vcmcvMjAwMC9zdmciPjwvc3ZnPg==\" style=\"--smush-placeholder-width: 800px; --smush-placeholder-aspect-ratio: 800\/1067;\" \/> <img data-recalc-dims=\"1\" decoding=\"async\" data-attachment-id=\"301008\" data-permalink=\"https:\/\/www.lavras24horas.com.br\/portal\/superacao-e-emocao-na-meia-maratona-internacional-atleta-cego-de-lavras-conquista-medalha-em-bh\/849daa25-5019-4fb7-baa8-adcc28d21913\/\" data-orig-file=\"https:\/\/i0.wp.com\/www.lavras24horas.com.br\/portal\/wp-content\/uploads\/2024\/07\/849daa25-5019-4fb7-baa8-adcc28d21913-scaled.jpeg?fit=1920%2C2560&amp;ssl=1\" data-orig-size=\"1920,2560\" data-comments-opened=\"0\" data-image-meta=\"{&quot;aperture&quot;:&quot;0&quot;,&quot;credit&quot;:&quot;&quot;,&quot;camera&quot;:&quot;&quot;,&quot;caption&quot;:&quot;&quot;,&quot;created_timestamp&quot;:&quot;1719833905&quot;,&quot;copyright&quot;:&quot;&quot;,&quot;focal_length&quot;:&quot;0&quot;,&quot;iso&quot;:&quot;0&quot;,&quot;shutter_speed&quot;:&quot;0&quot;,&quot;title&quot;:&quot;&quot;,&quot;orientation&quot;:&quot;1&quot;}\" data-image-title=\"849daa25-5019-4fb7-baa8-adcc28d21913\" data-image-description=\"\" data-image-caption=\"\" data-large-file=\"https:\/\/i0.wp.com\/www.lavras24horas.com.br\/portal\/wp-content\/uploads\/2024\/07\/849daa25-5019-4fb7-baa8-adcc28d21913-scaled.jpeg?fit=248%2C330&amp;ssl=1\" class=\"aligncenter size-full wp-image-301008 lazyload\" data-src=\"https:\/\/i0.wp.com\/www.lavras24horas.com.br\/portal\/wp-content\/uploads\/2024\/07\/849daa25-5019-4fb7-baa8-adcc28d21913-scaled.jpeg?resize=800%2C1067&#038;ssl=1\" alt=\"\" width=\"800\" height=\"1067\" data-srcset=\"https:\/\/i0.wp.com\/www.lavras24horas.com.br\/portal\/wp-content\/uploads\/2024\/07\/849daa25-5019-4fb7-baa8-adcc28d21913-scaled.jpeg?w=1920&amp;ssl=1 1920w, https:\/\/i0.wp.com\/www.lavras24horas.com.br\/portal\/wp-content\/uploads\/2024\/07\/849daa25-5019-4fb7-baa8-adcc28d21913-scaled.jpeg?resize=248%2C330&amp;ssl=1 248w, https:\/\/i0.wp.com\/www.lavras24horas.com.br\/portal\/wp-content\/uploads\/2024\/07\/849daa25-5019-4fb7-baa8-adcc28d21913-scaled.jpeg?resize=768%2C1024&amp;ssl=1 768w, https:\/\/i0.wp.com\/www.lavras24horas.com.br\/portal\/wp-content\/uploads\/2024\/07\/849daa25-5019-4fb7-baa8-adcc28d21913-scaled.jpeg?resize=1152%2C1536&amp;ssl=1 1152w, https:\/\/i0.wp.com\/www.lavras24horas.com.br\/portal\/wp-content\/uploads\/2024\/07\/849daa25-5019-4fb7-baa8-adcc28d21913-scaled.jpeg?resize=1536%2C2048&amp;ssl=1 1536w, https:\/\/i0.wp.com\/www.lavras24horas.com.br\/portal\/wp-content\/uploads\/2024\/07\/849daa25-5019-4fb7-baa8-adcc28d21913-scaled.jpeg?w=1600&amp;ssl=1 1600w\" data-sizes=\"(max-width: 800px) 100vw, 800px\" src=\"data:image\/svg+xml;base64,PHN2ZyB3aWR0aD0iMSIgaGVpZ2h0PSIxIiB4bWxucz0iaHR0cDovL3d3dy53My5vcmcvMjAwMC9zdmciPjwvc3ZnPg==\" style=\"--smush-placeholder-width: 800px; --smush-placeholder-aspect-ratio: 800\/1067;\" \/><\/p>\n","protected":false},"excerpt":{"rendered":"<p>No \u00faltimo dia 30 de junho, Belo Horizonte foi palco de uma emocionante jornada esportiva durante a Meia-Maratona Internacional. Entre os participantes, uma dupla se destacou de maneira especial: Maikon, cego h\u00e1 tr\u00eas anos, e Larissa Paiva, sua guia durante a prova. Maikon e Larissa n\u00e3o apenas completaram os desafiadores 21 quil\u00f4metros da prova, como [&hellip;]<\/p>\n","protected":false},"author":7,"featured_media":301014,"comment_status":"closed","ping_status":"closed","sticky":false,"template":"","format":"standard","meta":{"advanced_seo_description":"","jetpack_seo_html_title":"","jetpack_seo_noindex":false,"_jetpack_memberships_contains_paid_content":false,"footnotes":""},"categories":[12],"tags":[],"class_list":["post-301005","post","type-post","status-publish","format-standard","has-post-thumbnail","hentry","category-destaques-1"],"jetpack_featured_media_url":"https:\/\/i0.wp.com\/www.lavras24horas.com.br\/portal\/wp-content\/uploads\/2024\/07\/974A5C43-DC33-485C-98B5-C1FD5C133668-1.jpeg?fit=1440%2C847&ssl=1","jetpack_sharing_enabled":true,"jetpack_likes_enabled":true,"jetpack_shortlink":"https:\/\/wp.me\/p12djN-1giV","_links":{"self":[{"href":"https:\/\/www.lavras24horas.com.br\/portal\/wp-json\/wp\/v2\/posts\/301005","targetHints":{"allow":["GET"]}}],"collection":[{"href":"https:\/\/www.lavras24horas.com.br\/portal\/wp-json\/wp\/v2\/posts"}],"about":[{"href":"https:\/\/www.lavras24horas.com.br\/portal\/wp-json\/wp\/v2\/types\/post"}],"author":[{"embeddable":true,"href":"https:\/\/www.lavras24horas.com.br\/portal\/wp-json\/wp\/v2\/users\/7"}],"replies":[{"embeddable":true,"href":"https:\/\/www.lavras24horas.com.br\/portal\/wp-json\/wp\/v2\/comments?post=301005"}],"version-history":[{"count":1,"href":"https:\/\/www.lavras24horas.com.br\/portal\/wp-json\/wp\/v2\/posts\/301005\/revisions"}],"predecessor-version":[{"id":301013,"href":"https:\/\/www.lavras24horas.com.br\/portal\/wp-json\/wp\/v2\/posts\/301005\/revisions\/301013"}],"wp:featuredmedia":[{"embeddable":true,"href":"https:\/\/www.lavras24horas.com.br\/portal\/wp-json\/wp\/v2\/media\/301014"}],"wp:attachment":[{"href":"https:\/\/www.lavras24horas.com.br\/portal\/wp-json\/wp\/v2\/media?parent=301005"}],"wp:term":[{"taxonomy":"category","embeddable":true,"href":"https:\/\/www.lavras24horas.com.br\/portal\/wp-json\/wp\/v2\/categories?post=301005"},{"taxonomy":"post_tag","embeddable":true,"href":"https:\/\/www.lavras24horas.com.br\/portal\/wp-json\/wp\/v2\/tags?post=301005"}],"curies":[{"name":"wp","href":"https:\/\/api.w.org\/{rel}","templated":true}]}}