{"id":295804,"date":"2023-11-19T22:09:29","date_gmt":"2023-11-20T01:09:29","guid":{"rendered":"https:\/\/www.lavras24horas.com.br\/portal\/?p=295804"},"modified":"2023-11-19T22:09:29","modified_gmt":"2023-11-20T01:09:29","slug":"pai-e-filho-sao-agredidos-apos-atropelar-cavalo-em-lavras","status":"publish","type":"post","link":"https:\/\/www.lavras24horas.com.br\/portal\/pai-e-filho-sao-agredidos-apos-atropelar-cavalo-em-lavras\/","title":{"rendered":"Pai e filho s\u00e3o agredidos ap\u00f3s atropelar cavalo em Lavras"},"content":{"rendered":"<p style=\"text-align: justify;\">Na noite de ontem, um motorista e seu filho foram agredidos ap\u00f3s atropelar um cavalo no anel vi\u00e1rio Presidente Tranquedo Neves, em Lavras, no bairro Vista do Lago.<\/p>\n<p style=\"text-align: justify;\">De acordo com as informa\u00e7\u00f5es recebidas, o animal teria sa\u00eddo do meio do mato e o motorista n\u00e3o conseguiu evitar a colis\u00e3o, o animal veio a \u00f3bito, os moradores indignados com a situa\u00e7\u00e3o agrediram o motorista e seu filho, e vandalizaram o caminh\u00e3o envolvido no acidente.<\/p>\n<p><img data-recalc-dims=\"1\" fetchpriority=\"high\" decoding=\"async\" data-attachment-id=\"295806\" data-permalink=\"https:\/\/www.lavras24horas.com.br\/portal\/pai-e-filho-sao-agredidos-apos-atropelar-cavalo-em-lavras\/img_0196\/\" data-orig-file=\"https:\/\/i0.wp.com\/www.lavras24horas.com.br\/portal\/wp-content\/uploads\/2023\/11\/IMG_0196.jpeg?fit=511%2C706&amp;ssl=1\" data-orig-size=\"511,706\" data-comments-opened=\"0\" data-image-meta=\"{&quot;aperture&quot;:&quot;0&quot;,&quot;credit&quot;:&quot;&quot;,&quot;camera&quot;:&quot;&quot;,&quot;caption&quot;:&quot;&quot;,&quot;created_timestamp&quot;:&quot;1700329469&quot;,&quot;copyright&quot;:&quot;&quot;,&quot;focal_length&quot;:&quot;0&quot;,&quot;iso&quot;:&quot;0&quot;,&quot;shutter_speed&quot;:&quot;0&quot;,&quot;title&quot;:&quot;&quot;,&quot;orientation&quot;:&quot;0&quot;}\" data-image-title=\"IMG_0196\" data-image-description=\"\" data-image-caption=\"\" data-large-file=\"https:\/\/i0.wp.com\/www.lavras24horas.com.br\/portal\/wp-content\/uploads\/2023\/11\/IMG_0196.jpeg?fit=239%2C330&amp;ssl=1\" class=\"alignnone size-medium wp-image-295806\" src=\"https:\/\/i0.wp.com\/www.lavras24horas.com.br\/portal\/wp-content\/uploads\/2023\/11\/IMG_0196.jpeg?resize=511%2C330&#038;ssl=1\" alt=\"\" width=\"511\" height=\"330\" srcset=\"https:\/\/i0.wp.com\/www.lavras24horas.com.br\/portal\/wp-content\/uploads\/2023\/11\/IMG_0196.jpeg?resize=511%2C330&amp;ssl=1 511w, https:\/\/i0.wp.com\/www.lavras24horas.com.br\/portal\/wp-content\/uploads\/2023\/11\/IMG_0196.jpeg?resize=200%2C130&amp;ssl=1 200w\" sizes=\"(max-width: 511px) 100vw, 511px\" \/><\/p>\n<p style=\"text-align: justify;\">???? Fotos via redes sociais<\/p>\n","protected":false},"excerpt":{"rendered":"<p>Na noite de ontem, um motorista e seu filho foram agredidos ap\u00f3s atropelar um cavalo no anel vi\u00e1rio Presidente Tranquedo Neves, em Lavras, no bairro Vista do Lago. De acordo com as informa\u00e7\u00f5es recebidas, o animal teria sa\u00eddo do meio do mato e o motorista n\u00e3o conseguiu evitar a colis\u00e3o, o animal veio a \u00f3bito, [&hellip;]<\/p>\n","protected":false},"author":7,"featured_media":295805,"comment_status":"closed","ping_status":"closed","sticky":false,"template":"","format":"standard","meta":{"advanced_seo_description":"","jetpack_seo_html_title":"","jetpack_seo_noindex":false,"_jetpack_memberships_contains_paid_content":false,"footnotes":""},"categories":[12,4],"tags":[],"class_list":["post-295804","post","type-post","status-publish","format-standard","has-post-thumbnail","hentry","category-destaques-1","category-lavras"],"jetpack_featured_media_url":"https:\/\/i0.wp.com\/www.lavras24horas.com.br\/portal\/wp-content\/uploads\/2023\/11\/IMG_0197.jpeg?fit=512%2C319&ssl=1","jetpack_sharing_enabled":true,"jetpack_likes_enabled":true,"_links":{"self":[{"href":"https:\/\/www.lavras24horas.com.br\/portal\/wp-json\/wp\/v2\/posts\/295804","targetHints":{"allow":["GET"]}}],"collection":[{"href":"https:\/\/www.lavras24horas.com.br\/portal\/wp-json\/wp\/v2\/posts"}],"about":[{"href":"https:\/\/www.lavras24horas.com.br\/portal\/wp-json\/wp\/v2\/types\/post"}],"author":[{"embeddable":true,"href":"https:\/\/www.lavras24horas.com.br\/portal\/wp-json\/wp\/v2\/users\/7"}],"replies":[{"embeddable":true,"href":"https:\/\/www.lavras24horas.com.br\/portal\/wp-json\/wp\/v2\/comments?post=295804"}],"version-history":[{"count":1,"href":"https:\/\/www.lavras24horas.com.br\/portal\/wp-json\/wp\/v2\/posts\/295804\/revisions"}],"predecessor-version":[{"id":295807,"href":"https:\/\/www.lavras24horas.com.br\/portal\/wp-json\/wp\/v2\/posts\/295804\/revisions\/295807"}],"wp:featuredmedia":[{"embeddable":true,"href":"https:\/\/www.lavras24horas.com.br\/portal\/wp-json\/wp\/v2\/media\/295805"}],"wp:attachment":[{"href":"https:\/\/www.lavras24horas.com.br\/portal\/wp-json\/wp\/v2\/media?parent=295804"}],"wp:term":[{"taxonomy":"category","embeddable":true,"href":"https:\/\/www.lavras24horas.com.br\/portal\/wp-json\/wp\/v2\/categories?post=295804"},{"taxonomy":"post_tag","embeddable":true,"href":"https:\/\/www.lavras24horas.com.br\/portal\/wp-json\/wp\/v2\/tags?post=295804"}],"curies":[{"name":"wp","href":"https:\/\/api.w.org\/{rel}","templated":true}]}}