{"id":295777,"date":"2023-11-18T12:57:59","date_gmt":"2023-11-18T15:57:59","guid":{"rendered":"https:\/\/www.lavras24horas.com.br\/portal\/?p=295777"},"modified":"2023-11-18T12:57:59","modified_gmt":"2023-11-18T15:57:59","slug":"chuva-e-vento-forte-derrubam-arvore-na-br-265-em-lavras","status":"publish","type":"post","link":"https:\/\/www.lavras24horas.com.br\/portal\/chuva-e-vento-forte-derrubam-arvore-na-br-265-em-lavras\/","title":{"rendered":"Chuva e vento forte derrubam \u00e1rvore na BR 265 em Lavras"},"content":{"rendered":"<p style=\"text-align: justify;\">Na tarde de hoje, sexta-feira, dia 17, choveu granizo e teve vento forte em Lavras, o temporal derrubou uma \u00e1rvore no km 357 da rodovia BR-265. O Corpo de Bombeiros de Lavras esteve no local e retirou a \u00e1rvore da pista de rolamento.<\/p>\n<p style=\"text-align: justify;\">Amanh\u00e3, s\u00e1bado, dia 18, ser\u00e1 mais quente que hoje, as temperaturas v\u00e3o variar entre 37\u00baC para a m\u00e1xima e 22\u00baC para a m\u00ednima. Amanh\u00e3 tamb\u00e9m est\u00e3o previstas pancadas de chuva \u00e0 tarde e a noite.<\/p>\n<p style=\"text-align: justify;\">No domingo, dia 19, as temperaturas come\u00e7am a cair. A m\u00e1xima ser\u00e1 de 29\u00baC e a m\u00ednima de 21\u00baC. Tem previs\u00e3o tamb\u00e9m de pancadas de chuva a qualquer hora do dia e da noite.<\/p>\n<p><img data-recalc-dims=\"1\" fetchpriority=\"high\" decoding=\"async\" data-attachment-id=\"295778\" data-permalink=\"https:\/\/www.lavras24horas.com.br\/portal\/chuva-e-vento-forte-derrubam-arvore-na-br-265-em-lavras\/d1e54193-0340-4aaf-8a42-b0f356bc9075\/\" data-orig-file=\"https:\/\/i0.wp.com\/www.lavras24horas.com.br\/portal\/wp-content\/uploads\/2023\/11\/D1E54193-0340-4AAF-8A42-B0F356BC9075-scaled.jpeg?fit=2560%2C2378&amp;ssl=1\" data-orig-size=\"2560,2378\" data-comments-opened=\"0\" data-image-meta=\"{&quot;aperture&quot;:&quot;0&quot;,&quot;credit&quot;:&quot;&quot;,&quot;camera&quot;:&quot;&quot;,&quot;caption&quot;:&quot;&quot;,&quot;created_timestamp&quot;:&quot;0&quot;,&quot;copyright&quot;:&quot;&quot;,&quot;focal_length&quot;:&quot;0&quot;,&quot;iso&quot;:&quot;0&quot;,&quot;shutter_speed&quot;:&quot;0&quot;,&quot;title&quot;:&quot;&quot;,&quot;orientation&quot;:&quot;1&quot;}\" data-image-title=\"D1E54193-0340-4AAF-8A42-B0F356BC9075\" data-image-description=\"\" data-image-caption=\"\" data-large-file=\"https:\/\/i0.wp.com\/www.lavras24horas.com.br\/portal\/wp-content\/uploads\/2023\/11\/D1E54193-0340-4AAF-8A42-B0F356BC9075-scaled.jpeg?fit=355%2C330&amp;ssl=1\" class=\"alignnone size-medium wp-image-295778\" src=\"https:\/\/i0.wp.com\/www.lavras24horas.com.br\/portal\/wp-content\/uploads\/2023\/11\/D1E54193-0340-4AAF-8A42-B0F356BC9075.jpeg?resize=660%2C330&#038;ssl=1\" alt=\"\" width=\"660\" height=\"330\" srcset=\"https:\/\/i0.wp.com\/www.lavras24horas.com.br\/portal\/wp-content\/uploads\/2023\/11\/D1E54193-0340-4AAF-8A42-B0F356BC9075-scaled.jpeg?resize=660%2C330&amp;ssl=1 660w, https:\/\/i0.wp.com\/www.lavras24horas.com.br\/portal\/wp-content\/uploads\/2023\/11\/D1E54193-0340-4AAF-8A42-B0F356BC9075-scaled.jpeg?zoom=2&amp;resize=660%2C330&amp;ssl=1 1320w, https:\/\/i0.wp.com\/www.lavras24horas.com.br\/portal\/wp-content\/uploads\/2023\/11\/D1E54193-0340-4AAF-8A42-B0F356BC9075-scaled.jpeg?zoom=3&amp;resize=660%2C330&amp;ssl=1 1980w\" sizes=\"(max-width: 660px) 100vw, 660px\" \/> <img data-recalc-dims=\"1\" decoding=\"async\" data-attachment-id=\"295779\" data-permalink=\"https:\/\/www.lavras24horas.com.br\/portal\/chuva-e-vento-forte-derrubam-arvore-na-br-265-em-lavras\/b47a129b-1a5c-4343-a66d-1f6820bac165\/\" data-orig-file=\"https:\/\/i0.wp.com\/www.lavras24horas.com.br\/portal\/wp-content\/uploads\/2023\/11\/B47A129B-1A5C-4343-A66D-1F6820BAC165-scaled.jpeg?fit=2560%2C2359&amp;ssl=1\" data-orig-size=\"2560,2359\" data-comments-opened=\"0\" data-image-meta=\"{&quot;aperture&quot;:&quot;0&quot;,&quot;credit&quot;:&quot;&quot;,&quot;camera&quot;:&quot;&quot;,&quot;caption&quot;:&quot;&quot;,&quot;created_timestamp&quot;:&quot;0&quot;,&quot;copyright&quot;:&quot;&quot;,&quot;focal_length&quot;:&quot;0&quot;,&quot;iso&quot;:&quot;0&quot;,&quot;shutter_speed&quot;:&quot;0&quot;,&quot;title&quot;:&quot;&quot;,&quot;orientation&quot;:&quot;1&quot;}\" data-image-title=\"B47A129B-1A5C-4343-A66D-1F6820BAC165\" data-image-description=\"\" data-image-caption=\"\" data-large-file=\"https:\/\/i0.wp.com\/www.lavras24horas.com.br\/portal\/wp-content\/uploads\/2023\/11\/B47A129B-1A5C-4343-A66D-1F6820BAC165-scaled.jpeg?fit=358%2C330&amp;ssl=1\" class=\"alignnone size-medium wp-image-295779 lazyload\" data-src=\"https:\/\/i0.wp.com\/www.lavras24horas.com.br\/portal\/wp-content\/uploads\/2023\/11\/B47A129B-1A5C-4343-A66D-1F6820BAC165.jpeg?resize=660%2C330&#038;ssl=1\" alt=\"\" width=\"660\" height=\"330\" data-srcset=\"https:\/\/i0.wp.com\/www.lavras24horas.com.br\/portal\/wp-content\/uploads\/2023\/11\/B47A129B-1A5C-4343-A66D-1F6820BAC165-scaled.jpeg?resize=660%2C330&amp;ssl=1 660w, https:\/\/i0.wp.com\/www.lavras24horas.com.br\/portal\/wp-content\/uploads\/2023\/11\/B47A129B-1A5C-4343-A66D-1F6820BAC165-scaled.jpeg?zoom=2&amp;resize=660%2C330&amp;ssl=1 1320w, https:\/\/i0.wp.com\/www.lavras24horas.com.br\/portal\/wp-content\/uploads\/2023\/11\/B47A129B-1A5C-4343-A66D-1F6820BAC165-scaled.jpeg?zoom=3&amp;resize=660%2C330&amp;ssl=1 1980w\" data-sizes=\"(max-width: 660px) 100vw, 660px\" src=\"data:image\/svg+xml;base64,PHN2ZyB3aWR0aD0iMSIgaGVpZ2h0PSIxIiB4bWxucz0iaHR0cDovL3d3dy53My5vcmcvMjAwMC9zdmciPjwvc3ZnPg==\" style=\"--smush-placeholder-width: 660px; --smush-placeholder-aspect-ratio: 660\/330;\" \/> <img data-recalc-dims=\"1\" decoding=\"async\" data-attachment-id=\"295780\" data-permalink=\"https:\/\/www.lavras24horas.com.br\/portal\/chuva-e-vento-forte-derrubam-arvore-na-br-265-em-lavras\/80e37d48-1635-4df6-a91c-d8704a24bc76\/\" data-orig-file=\"https:\/\/i0.wp.com\/www.lavras24horas.com.br\/portal\/wp-content\/uploads\/2023\/11\/80E37D48-1635-4DF6-A91C-D8704A24BC76-scaled.jpeg?fit=2560%2C2382&amp;ssl=1\" data-orig-size=\"2560,2382\" data-comments-opened=\"0\" data-image-meta=\"{&quot;aperture&quot;:&quot;0&quot;,&quot;credit&quot;:&quot;&quot;,&quot;camera&quot;:&quot;&quot;,&quot;caption&quot;:&quot;&quot;,&quot;created_timestamp&quot;:&quot;0&quot;,&quot;copyright&quot;:&quot;&quot;,&quot;focal_length&quot;:&quot;0&quot;,&quot;iso&quot;:&quot;0&quot;,&quot;shutter_speed&quot;:&quot;0&quot;,&quot;title&quot;:&quot;&quot;,&quot;orientation&quot;:&quot;1&quot;}\" data-image-title=\"80E37D48-1635-4DF6-A91C-D8704A24BC76\" data-image-description=\"\" data-image-caption=\"\" data-large-file=\"https:\/\/i0.wp.com\/www.lavras24horas.com.br\/portal\/wp-content\/uploads\/2023\/11\/80E37D48-1635-4DF6-A91C-D8704A24BC76-scaled.jpeg?fit=355%2C330&amp;ssl=1\" class=\"alignnone size-medium wp-image-295780 lazyload\" data-src=\"https:\/\/i0.wp.com\/www.lavras24horas.com.br\/portal\/wp-content\/uploads\/2023\/11\/80E37D48-1635-4DF6-A91C-D8704A24BC76.jpeg?resize=660%2C330&#038;ssl=1\" alt=\"\" width=\"660\" height=\"330\" data-srcset=\"https:\/\/i0.wp.com\/www.lavras24horas.com.br\/portal\/wp-content\/uploads\/2023\/11\/80E37D48-1635-4DF6-A91C-D8704A24BC76-scaled.jpeg?resize=660%2C330&amp;ssl=1 660w, https:\/\/i0.wp.com\/www.lavras24horas.com.br\/portal\/wp-content\/uploads\/2023\/11\/80E37D48-1635-4DF6-A91C-D8704A24BC76-scaled.jpeg?zoom=2&amp;resize=660%2C330&amp;ssl=1 1320w, https:\/\/i0.wp.com\/www.lavras24horas.com.br\/portal\/wp-content\/uploads\/2023\/11\/80E37D48-1635-4DF6-A91C-D8704A24BC76-scaled.jpeg?zoom=3&amp;resize=660%2C330&amp;ssl=1 1980w\" data-sizes=\"(max-width: 660px) 100vw, 660px\" src=\"data:image\/svg+xml;base64,PHN2ZyB3aWR0aD0iMSIgaGVpZ2h0PSIxIiB4bWxucz0iaHR0cDovL3d3dy53My5vcmcvMjAwMC9zdmciPjwvc3ZnPg==\" style=\"--smush-placeholder-width: 660px; --smush-placeholder-aspect-ratio: 660\/330;\" \/><\/p>\n<p style=\"text-align: justify;\">Texto adaptado @jornaldelavras<br \/>\nBombeiros de Lavras<\/p>\n","protected":false},"excerpt":{"rendered":"<p>Na tarde de hoje, sexta-feira, dia 17, choveu granizo e teve vento forte em Lavras, o temporal derrubou uma \u00e1rvore no km 357 da rodovia BR-265. O Corpo de Bombeiros de Lavras esteve no local e retirou a \u00e1rvore da pista de rolamento. Amanh\u00e3, s\u00e1bado, dia 18, ser\u00e1 mais quente que hoje, as temperaturas v\u00e3o [&hellip;]<\/p>\n","protected":false},"author":7,"featured_media":295781,"comment_status":"closed","ping_status":"closed","sticky":false,"template":"","format":"standard","meta":{"advanced_seo_description":"","jetpack_seo_html_title":"","jetpack_seo_noindex":false,"_jetpack_memberships_contains_paid_content":false,"footnotes":""},"categories":[12,4],"tags":[],"class_list":["post-295777","post","type-post","status-publish","format-standard","has-post-thumbnail","hentry","category-destaques-1","category-lavras"],"jetpack_featured_media_url":"https:\/\/i0.wp.com\/www.lavras24horas.com.br\/portal\/wp-content\/uploads\/2023\/11\/4C97E5DA-4C2B-48B9-98A1-D799CCC95B77-scaled.jpeg?fit=2560%2C2366&ssl=1","jetpack_sharing_enabled":true,"jetpack_likes_enabled":true,"jetpack_shortlink":"https:\/\/wp.me\/p12djN-1eWB","_links":{"self":[{"href":"https:\/\/www.lavras24horas.com.br\/portal\/wp-json\/wp\/v2\/posts\/295777","targetHints":{"allow":["GET"]}}],"collection":[{"href":"https:\/\/www.lavras24horas.com.br\/portal\/wp-json\/wp\/v2\/posts"}],"about":[{"href":"https:\/\/www.lavras24horas.com.br\/portal\/wp-json\/wp\/v2\/types\/post"}],"author":[{"embeddable":true,"href":"https:\/\/www.lavras24horas.com.br\/portal\/wp-json\/wp\/v2\/users\/7"}],"replies":[{"embeddable":true,"href":"https:\/\/www.lavras24horas.com.br\/portal\/wp-json\/wp\/v2\/comments?post=295777"}],"version-history":[{"count":1,"href":"https:\/\/www.lavras24horas.com.br\/portal\/wp-json\/wp\/v2\/posts\/295777\/revisions"}],"predecessor-version":[{"id":295782,"href":"https:\/\/www.lavras24horas.com.br\/portal\/wp-json\/wp\/v2\/posts\/295777\/revisions\/295782"}],"wp:featuredmedia":[{"embeddable":true,"href":"https:\/\/www.lavras24horas.com.br\/portal\/wp-json\/wp\/v2\/media\/295781"}],"wp:attachment":[{"href":"https:\/\/www.lavras24horas.com.br\/portal\/wp-json\/wp\/v2\/media?parent=295777"}],"wp:term":[{"taxonomy":"category","embeddable":true,"href":"https:\/\/www.lavras24horas.com.br\/portal\/wp-json\/wp\/v2\/categories?post=295777"},{"taxonomy":"post_tag","embeddable":true,"href":"https:\/\/www.lavras24horas.com.br\/portal\/wp-json\/wp\/v2\/tags?post=295777"}],"curies":[{"name":"wp","href":"https:\/\/api.w.org\/{rel}","templated":true}]}}