{"id":295001,"date":"2023-09-10T09:38:15","date_gmt":"2023-09-10T12:38:15","guid":{"rendered":"https:\/\/www.lavras24horas.com.br\/portal\/?p=295001"},"modified":"2023-09-10T09:38:15","modified_gmt":"2023-09-10T12:38:15","slug":"obituario-10-092022","status":"publish","type":"post","link":"https:\/\/www.lavras24horas.com.br\/portal\/obituario-10-092022\/","title":{"rendered":"Obitu\u00e1rio: 10\/092022"},"content":{"rendered":"<p>&nbsp;<\/p>\n<p>&nbsp;<\/p>\n<p>&nbsp;<\/p>\n<p>Maria Izabel do Nascimento Fonseca Guimar\u00e3es<br \/>\n+ 09-09-2023<br \/>\nIdade: 83 anos<br \/>\nSepultamento dia 10-09-2023 \u00e0s 16hs<br \/>\nCemit\u00e9rio Paroquial Saudade<\/p>\n<p>Alzira Marques<br \/>\n+ 09-09-2023<br \/>\nIdade: 107 anos<br \/>\nSepultamento dia 10-09-2023 \u00e0s 10hs<br \/>\nCemit\u00e9rio Paroquial Parque da Paz<\/p>\n<p>Wanderley Tavares<br \/>\n+ 09-09-2023<br \/>\nIdade: 67 anos<br \/>\nSepultamento dia 10-09-2023 \u00e0s 11hs<br \/>\nCemit\u00e9rio Paroquial Saudade<\/p>\n<p>Rosilda Marculino Hemet\u00e9rio da Silva<br \/>\n+ 09-09-2023<br \/>\nIdade: 67 anos<br \/>\nSepultamento dia 10-09-2023 \u00e0s 16h30<br \/>\nCemit\u00e9rio Paroquial Parque da Paz<\/p>\n<p>Aldair Rezende<br \/>\n+ 09-09-2023<br \/>\nIdade: 56 anos<br \/>\nSepultamento dia 10-09-2023 \u00e0s 13hs<br \/>\nCemit\u00e9rio Paroquial Saudade<\/p>\n","protected":false},"excerpt":{"rendered":"<p>&nbsp; &nbsp; &nbsp; Maria Izabel do Nascimento Fonseca Guimar\u00e3es + 09-09-2023 Idade: 83 anos Sepultamento dia 10-09-2023 \u00e0s 16hs Cemit\u00e9rio Paroquial Saudade Alzira Marques + 09-09-2023 Idade: 107 anos Sepultamento dia 10-09-2023 \u00e0s 10hs Cemit\u00e9rio Paroquial Parque da Paz Wanderley Tavares + 09-09-2023 Idade: 67 anos Sepultamento dia 10-09-2023 \u00e0s 11hs Cemit\u00e9rio Paroquial Saudade Rosilda [&hellip;]<\/p>\n","protected":false},"author":7,"featured_media":289984,"comment_status":"closed","ping_status":"closed","sticky":false,"template":"","format":"standard","meta":{"advanced_seo_description":"","jetpack_seo_html_title":"","jetpack_seo_noindex":false,"_jetpack_memberships_contains_paid_content":false,"footnotes":""},"categories":[13,4],"tags":[],"class_list":["post-295001","post","type-post","status-publish","format-standard","has-post-thumbnail","hentry","category-laterais-1","category-lavras"],"jetpack_featured_media_url":"https:\/\/i0.wp.com\/www.lavras24horas.com.br\/portal\/wp-content\/uploads\/2023\/04\/obituario-638x369-1.jpg?fit=638%2C369&ssl=1","jetpack_sharing_enabled":true,"jetpack_likes_enabled":true,"jetpack_shortlink":"https:\/\/wp.me\/p12djN-1eK5","_links":{"self":[{"href":"https:\/\/www.lavras24horas.com.br\/portal\/wp-json\/wp\/v2\/posts\/295001","targetHints":{"allow":["GET"]}}],"collection":[{"href":"https:\/\/www.lavras24horas.com.br\/portal\/wp-json\/wp\/v2\/posts"}],"about":[{"href":"https:\/\/www.lavras24horas.com.br\/portal\/wp-json\/wp\/v2\/types\/post"}],"author":[{"embeddable":true,"href":"https:\/\/www.lavras24horas.com.br\/portal\/wp-json\/wp\/v2\/users\/7"}],"replies":[{"embeddable":true,"href":"https:\/\/www.lavras24horas.com.br\/portal\/wp-json\/wp\/v2\/comments?post=295001"}],"version-history":[{"count":1,"href":"https:\/\/www.lavras24horas.com.br\/portal\/wp-json\/wp\/v2\/posts\/295001\/revisions"}],"predecessor-version":[{"id":295002,"href":"https:\/\/www.lavras24horas.com.br\/portal\/wp-json\/wp\/v2\/posts\/295001\/revisions\/295002"}],"wp:featuredmedia":[{"embeddable":true,"href":"https:\/\/www.lavras24horas.com.br\/portal\/wp-json\/wp\/v2\/media\/289984"}],"wp:attachment":[{"href":"https:\/\/www.lavras24horas.com.br\/portal\/wp-json\/wp\/v2\/media?parent=295001"}],"wp:term":[{"taxonomy":"category","embeddable":true,"href":"https:\/\/www.lavras24horas.com.br\/portal\/wp-json\/wp\/v2\/categories?post=295001"},{"taxonomy":"post_tag","embeddable":true,"href":"https:\/\/www.lavras24horas.com.br\/portal\/wp-json\/wp\/v2\/tags?post=295001"}],"curies":[{"name":"wp","href":"https:\/\/api.w.org\/{rel}","templated":true}]}}