{"id":291336,"date":"2023-05-11T11:16:34","date_gmt":"2023-05-11T14:16:34","guid":{"rendered":"https:\/\/www.lavras24horas.com.br\/portal\/?p=291336"},"modified":"2023-05-11T11:16:34","modified_gmt":"2023-05-11T14:16:34","slug":"dr-jose-alair-couto-laboratorio-santa-cecilia-uma-historia-de-amor","status":"publish","type":"post","link":"https:\/\/www.lavras24horas.com.br\/portal\/dr-jose-alair-couto-laboratorio-santa-cecilia-uma-historia-de-amor\/","title":{"rendered":"Dr. Jos\u00e9 Alair Couto &#038; Laborat\u00f3rio Santa Cec\u00edlia: uma hist\u00f3ria de amor"},"content":{"rendered":"<p>&nbsp;<\/p>\n<p>&nbsp;<\/p>\n<p>&nbsp;<\/p>\n<p><strong>Por Marco Bissoli (<span style=\"color: #ff0000;\"><a style=\"color: #ff0000;\" href=\"https:\/\/www.instagram.com\/bissolimarco\">https:\/\/www.instagram.com\/bissolimarco<\/a><\/span>)\u00a0<\/strong><\/p>\n<p>&nbsp;<\/p>\n<p>A hist\u00f3ria do Laborat\u00f3rio Santa Cec\u00edlia \u00e9 sin\u00f4nimo de confiabilidade, efici\u00eancia e amor. Ele nasce nos anos 60 atrav\u00e9s de uma sociedade de m\u00e9dicos, mas, em 1971, o farmac\u00eautico-bioqu\u00edmico Dr. Jos\u00e9 Alair Couto, 78 anos, passa a ser o propriet\u00e1rio da empresa.<\/p>\n<p style=\"text-align: justify;\">Nascido em Boa Esperan\u00e7a, Dr. Jos\u00e9 Alair cresceu em Coqueiral, tendo realizados seus estudos nas cidades de Paragua\u00e7u, Varginha e Tr\u00eas Cora\u00e7\u00f5es (ESA). Concluiu seus estudos em Belo Horizonte, onde ingressou na Universidade Federal de Minas Gerais (UFMG).<\/p>\n<p style=\"text-align: justify;\">Nesse per\u00edodo fez est\u00e1gios nos mais renomados hospitais da capital, como Fel\u00edcio Rocho e Baleia, atuando ao lado Jos\u00e9 Carlos Basques, Jos\u00e9 Lustosa Cabral, nomes importantes da medicina mineira.<\/p>\n<p style=\"text-align: justify;\">Dr. Jos\u00e9 Alair Couto sempre foi um apaixonado pela medicina. Quando aportou em Lavras em 1971, chegou a morar por um ano num apartamento da Santa Casa de Miseric\u00f3rdia, onde costumava ajudar nos plant\u00f5es de emerg\u00eancia. Ele se recorda com saudade de sua rela\u00e7\u00e3o com os m\u00e9dicos Paulo Celani (in memoriam) e Paulo Menicucci (in memoriam), cuja generosidade o marcou.<\/p>\n<p style=\"text-align: justify;\">Casado com Maria Deli Figueiredo Couto, nosso retratado trabalha ao lado da equipe do laborat\u00f3rio, formada pelos filhos: Dra. Alessandra de Figueiredo Couto Ticle (farmac\u00eautica-bioqu\u00edmica), Andr\u00e9 de Figueiredo Couto (farmac\u00eautico-bioqu\u00edmico) e Dra. Adriana de Figueiredo Couto Fonseca (dentista).<\/p>\n<p style=\"text-align: justify;\">O Laborat\u00f3rio Santa Cec\u00edlia \u00e9 o primeiro e \u00fanico laborat\u00f3rio de an\u00e1lises cl\u00ednicas de Lavras a ser Certificado pela Norma Internacional ISO 9001. Tamb\u00e9m foi o primeiro laborat\u00f3rio de Minas Gerais e quarto do Brasil a ser Acreditado pela ONA \u2014 Organiza\u00e7\u00e3o Nacional de Acredita\u00e7\u00e3o do Minist\u00e9rio da Sa\u00fade e da ANVISA, Ag\u00eancia Nacional de Vigil\u00e2ncia Sanit\u00e1ria, em parceria com diversas institui\u00e7\u00f5es de sa\u00fade do pa\u00eds.<\/p>\n<p style=\"text-align: justify;\">\u201cGra\u00e7as a Deus nosso laborat\u00f3rio s\u00f3 cresceu. Trabalhamos com os mais rigorosos sistemas de an\u00e1lises cl\u00ednicas, desta forma temos de olhar sempre para a frente, a fim de oferecer o melhor para nossos clientes\u201d, finalizou Dr. Jos\u00e9 Alair Couto.<\/p>\n","protected":false},"excerpt":{"rendered":"<p>&nbsp; &nbsp; &nbsp; Por Marco Bissoli (https:\/\/www.instagram.com\/bissolimarco)\u00a0 &nbsp; A hist\u00f3ria do Laborat\u00f3rio Santa Cec\u00edlia \u00e9 sin\u00f4nimo de confiabilidade, efici\u00eancia e amor. Ele nasce nos anos 60 atrav\u00e9s de uma sociedade de m\u00e9dicos, mas, em 1971, o farmac\u00eautico-bioqu\u00edmico Dr. Jos\u00e9 Alair Couto, 78 anos, passa a ser o propriet\u00e1rio da empresa. Nascido em Boa Esperan\u00e7a, Dr. [&hellip;]<\/p>\n","protected":false},"author":7,"featured_media":291337,"comment_status":"closed","ping_status":"closed","sticky":false,"template":"","format":"standard","meta":{"advanced_seo_description":"","jetpack_seo_html_title":"","jetpack_seo_noindex":false,"_jetpack_memberships_contains_paid_content":false,"footnotes":""},"categories":[13,4],"tags":[],"class_list":["post-291336","post","type-post","status-publish","format-standard","has-post-thumbnail","hentry","category-laterais-1","category-lavras"],"jetpack_featured_media_url":"https:\/\/i0.wp.com\/www.lavras24horas.com.br\/portal\/wp-content\/uploads\/2023\/05\/WhatsApp-Image-2023-05-08-at-19.25.34-Copia.jpeg?fit=500%2C281&ssl=1","jetpack_sharing_enabled":true,"jetpack_likes_enabled":true,"jetpack_shortlink":"https:\/\/wp.me\/p12djN-1dMY","_links":{"self":[{"href":"https:\/\/www.lavras24horas.com.br\/portal\/wp-json\/wp\/v2\/posts\/291336","targetHints":{"allow":["GET"]}}],"collection":[{"href":"https:\/\/www.lavras24horas.com.br\/portal\/wp-json\/wp\/v2\/posts"}],"about":[{"href":"https:\/\/www.lavras24horas.com.br\/portal\/wp-json\/wp\/v2\/types\/post"}],"author":[{"embeddable":true,"href":"https:\/\/www.lavras24horas.com.br\/portal\/wp-json\/wp\/v2\/users\/7"}],"replies":[{"embeddable":true,"href":"https:\/\/www.lavras24horas.com.br\/portal\/wp-json\/wp\/v2\/comments?post=291336"}],"version-history":[{"count":1,"href":"https:\/\/www.lavras24horas.com.br\/portal\/wp-json\/wp\/v2\/posts\/291336\/revisions"}],"predecessor-version":[{"id":291338,"href":"https:\/\/www.lavras24horas.com.br\/portal\/wp-json\/wp\/v2\/posts\/291336\/revisions\/291338"}],"wp:featuredmedia":[{"embeddable":true,"href":"https:\/\/www.lavras24horas.com.br\/portal\/wp-json\/wp\/v2\/media\/291337"}],"wp:attachment":[{"href":"https:\/\/www.lavras24horas.com.br\/portal\/wp-json\/wp\/v2\/media?parent=291336"}],"wp:term":[{"taxonomy":"category","embeddable":true,"href":"https:\/\/www.lavras24horas.com.br\/portal\/wp-json\/wp\/v2\/categories?post=291336"},{"taxonomy":"post_tag","embeddable":true,"href":"https:\/\/www.lavras24horas.com.br\/portal\/wp-json\/wp\/v2\/tags?post=291336"}],"curies":[{"name":"wp","href":"https:\/\/api.w.org\/{rel}","templated":true}]}}