{"id":286113,"date":"2022-12-12T15:57:35","date_gmt":"2022-12-12T18:57:35","guid":{"rendered":"https:\/\/www.lavras24horas.com.br\/portal\/?p=286113"},"modified":"2022-12-12T15:57:35","modified_gmt":"2022-12-12T18:57:35","slug":"apos-mais-de-2-anos-empresa-aerea-retoma-voos-comerciais-em-varginha","status":"publish","type":"post","link":"https:\/\/www.lavras24horas.com.br\/portal\/apos-mais-de-2-anos-empresa-aerea-retoma-voos-comerciais-em-varginha\/","title":{"rendered":"Ap\u00f3s mais de 2 anos, empresa a\u00e9rea retoma voos comerciais em Varginha"},"content":{"rendered":"<p>&nbsp;<\/p>\n<p>&nbsp;<\/p>\n<p>A empresa Azul Linhas A\u00e9reas retomou nesta segunda-feira (12) os voos comerciais no Aeroporto de Varginha (MG). Os voos ser\u00e3o com destino a Belo Horizonte. As passagens j\u00e1 podem ser compradas pelo site da empresa.<\/p>\n<p>Segundo comunicado divulgado pela empresa, a retomada dos voos em Varginha e em outras tr\u00eas cidades do interior do estado acontece por conta da alta procura, e com o objetivo de oferecer maior praticidade e conforto aos clientes do interior mineiro.<\/p>\n<p>Segundo a empresa, os voos partindo de Belo Horizonte para Varginha ser\u00e3o disponibilizados \u00e0s segundas, quartas e sextas, sempre \u00e0s 8h10 com previs\u00e3o de chegada \u00e0s 09h40.<\/p>\n<p>J\u00e1 os voos de Varginha com destino a Belo Horizonte sair\u00e3o nos mesmos dias \u00e0s 10h15, com previs\u00e3o de chegada \u00e0s 11h40 na capital mineira. Para saber pre\u00e7os e hor\u00e1rios, clique aqui.<\/p>\n<p>Al\u00e9m de Varginha, Patos de Minas, Paracatu e Te\u00f3filo Otoni ter\u00e3o voos de ida e volta para Belo Horizonte. A Azul Conecta, bra\u00e7o da empresa respons\u00e1vel pela opera\u00e7\u00e3o de voos regionais e dom\u00e9sticos, ser\u00e1 respons\u00e1vel por operar os voos que conectar\u00e3o as quatro cidades \u00e0 capital do estado, Belo Horizonte. Os voos acontecer\u00e3o a bordo das aeronaves modelo Cessna Grand Caravan, com nove assentos.<\/p>\n<p>Ainda conforme a empresa, em resposta ao desenvolvimento das regi\u00f5es que cercam as cidades de Varginha, Patos de Minas, Paracatu e Te\u00f3filo Otoni, nesse in\u00edcio de opera\u00e7\u00e3o ser\u00e3o tr\u00eas voos semanais para o Aeroporto Internacional de Belo Horizonte.<\/p>\n<p><strong>Voos suspensos na pandemia<\/strong><\/p>\n<p>Os voos comerciais voltar\u00e3o a ser realizados no trecho Varginha a Belo Horizonte ap\u00f3s mais de 2 anos e meio. A rota havia sido suspensa pela Azul em mar\u00e7o de 2020, no in\u00edcio da pandemia.<\/p>\n<p>Na \u00e9poca, a companhia tamb\u00e9m operava tr\u00eas voos semanais para esse destino, \u00e0s segundas, quartas e sextas-feiras.<\/p>\n","protected":false},"excerpt":{"rendered":"<p>&nbsp; &nbsp; A empresa Azul Linhas A\u00e9reas retomou nesta segunda-feira (12) os voos comerciais no Aeroporto de Varginha (MG). Os voos ser\u00e3o com destino a Belo Horizonte. As passagens j\u00e1 podem ser compradas pelo site da empresa. Segundo comunicado divulgado pela empresa, a retomada dos voos em Varginha e em outras tr\u00eas cidades do interior [&hellip;]<\/p>\n","protected":false},"author":7,"featured_media":239444,"comment_status":"closed","ping_status":"closed","sticky":false,"template":"","format":"standard","meta":{"advanced_seo_description":"","jetpack_seo_html_title":"","jetpack_seo_noindex":false,"_jetpack_memberships_contains_paid_content":false,"footnotes":""},"categories":[13,4],"tags":[],"class_list":["post-286113","post","type-post","status-publish","format-standard","has-post-thumbnail","hentry","category-laterais-1","category-lavras"],"jetpack_featured_media_url":"https:\/\/i0.wp.com\/www.lavras24horas.com.br\/portal\/wp-content\/uploads\/2018\/12\/azul-atr-72-600.jpg?fit=630%2C350&ssl=1","jetpack_sharing_enabled":true,"jetpack_likes_enabled":true,"jetpack_shortlink":"https:\/\/wp.me\/p12djN-1cqJ","_links":{"self":[{"href":"https:\/\/www.lavras24horas.com.br\/portal\/wp-json\/wp\/v2\/posts\/286113","targetHints":{"allow":["GET"]}}],"collection":[{"href":"https:\/\/www.lavras24horas.com.br\/portal\/wp-json\/wp\/v2\/posts"}],"about":[{"href":"https:\/\/www.lavras24horas.com.br\/portal\/wp-json\/wp\/v2\/types\/post"}],"author":[{"embeddable":true,"href":"https:\/\/www.lavras24horas.com.br\/portal\/wp-json\/wp\/v2\/users\/7"}],"replies":[{"embeddable":true,"href":"https:\/\/www.lavras24horas.com.br\/portal\/wp-json\/wp\/v2\/comments?post=286113"}],"version-history":[{"count":1,"href":"https:\/\/www.lavras24horas.com.br\/portal\/wp-json\/wp\/v2\/posts\/286113\/revisions"}],"predecessor-version":[{"id":286114,"href":"https:\/\/www.lavras24horas.com.br\/portal\/wp-json\/wp\/v2\/posts\/286113\/revisions\/286114"}],"wp:featuredmedia":[{"embeddable":true,"href":"https:\/\/www.lavras24horas.com.br\/portal\/wp-json\/wp\/v2\/media\/239444"}],"wp:attachment":[{"href":"https:\/\/www.lavras24horas.com.br\/portal\/wp-json\/wp\/v2\/media?parent=286113"}],"wp:term":[{"taxonomy":"category","embeddable":true,"href":"https:\/\/www.lavras24horas.com.br\/portal\/wp-json\/wp\/v2\/categories?post=286113"},{"taxonomy":"post_tag","embeddable":true,"href":"https:\/\/www.lavras24horas.com.br\/portal\/wp-json\/wp\/v2\/tags?post=286113"}],"curies":[{"name":"wp","href":"https:\/\/api.w.org\/{rel}","templated":true}]}}