{"id":280850,"date":"2022-06-23T16:18:43","date_gmt":"2022-06-23T19:18:43","guid":{"rendered":"https:\/\/www.lavras24horas.com.br\/portal\/?p=280850"},"modified":"2022-06-23T16:18:43","modified_gmt":"2022-06-23T19:18:43","slug":"alunos-da-escola-alvaro-botelho-prestam-homenagem-a-lucia-cicarelli","status":"publish","type":"post","link":"https:\/\/www.lavras24horas.com.br\/portal\/alunos-da-escola-alvaro-botelho-prestam-homenagem-a-lucia-cicarelli\/","title":{"rendered":"Alunos da Escola \u00c1lvaro Botelho prestam homenagem \u00e0 L\u00facia Cicarelli"},"content":{"rendered":"<p>&nbsp;<\/p>\n<p>&nbsp;<\/p>\n<p style=\"text-align: justify;\">Alunos da Escola Municipal \u00c1lvaro Botelho prestaram uma homenagem \u00e0 L\u00facia Cicarelli, empres\u00e1ria aposentada, artista pl\u00e1stica e carnavalesca lavrense de longa data. A homenageada de 97 anos de idade, foi recebida por um coro de alunos da institui\u00e7\u00e3o ao som do hino da escola nesta quarta-feira, dia 22.<\/p>\n<p style=\"text-align: justify;\">\n<p style=\"text-align: justify;\">Ex-aluna do col\u00e9gio, no qual ingressou em 1934, L\u00facia Cicarelli recebeu a homenagem com alegria entusiasmo. Do alto dos seus 97 anos de idade, ela foi recebida tamb\u00e9m pela dire\u00e7\u00e3o e professores da escola.<\/p>\n<p style=\"text-align: justify;\"><img data-recalc-dims=\"1\" fetchpriority=\"high\" decoding=\"async\" data-attachment-id=\"280852\" data-permalink=\"https:\/\/www.lavras24horas.com.br\/portal\/alunos-da-escola-alvaro-botelho-prestam-homenagem-a-lucia-cicarelli\/whatsapp-image-2022-06-23-at-09-36-14\/\" data-orig-file=\"https:\/\/i0.wp.com\/www.lavras24horas.com.br\/portal\/wp-content\/uploads\/2022\/06\/WhatsApp-Image-2022-06-23-at-09.36.14.jpeg?fit=1599%2C1200&amp;ssl=1\" data-orig-size=\"1599,1200\" data-comments-opened=\"0\" data-image-meta=\"{&quot;aperture&quot;:&quot;0&quot;,&quot;credit&quot;:&quot;&quot;,&quot;camera&quot;:&quot;&quot;,&quot;caption&quot;:&quot;&quot;,&quot;created_timestamp&quot;:&quot;0&quot;,&quot;copyright&quot;:&quot;&quot;,&quot;focal_length&quot;:&quot;0&quot;,&quot;iso&quot;:&quot;0&quot;,&quot;shutter_speed&quot;:&quot;0&quot;,&quot;title&quot;:&quot;&quot;,&quot;orientation&quot;:&quot;0&quot;}\" data-image-title=\"WhatsApp Image 2022-06-23 at 09.36.14\" data-image-description=\"\" data-image-caption=\"\" data-large-file=\"https:\/\/i0.wp.com\/www.lavras24horas.com.br\/portal\/wp-content\/uploads\/2022\/06\/WhatsApp-Image-2022-06-23-at-09.36.14.jpeg?fit=440%2C330&amp;ssl=1\" class=\"aligncenter wp-image-280852 size-full\" src=\"https:\/\/i0.wp.com\/www.lavras24horas.com.br\/portal\/wp-content\/uploads\/2022\/06\/WhatsApp-Image-2022-06-23-at-09.36.14.jpeg?resize=800%2C600&#038;ssl=1\" alt=\"\" width=\"800\" height=\"600\" srcset=\"https:\/\/i0.wp.com\/www.lavras24horas.com.br\/portal\/wp-content\/uploads\/2022\/06\/WhatsApp-Image-2022-06-23-at-09.36.14.jpeg?w=1599&amp;ssl=1 1599w, https:\/\/i0.wp.com\/www.lavras24horas.com.br\/portal\/wp-content\/uploads\/2022\/06\/WhatsApp-Image-2022-06-23-at-09.36.14.jpeg?resize=440%2C330&amp;ssl=1 440w, https:\/\/i0.wp.com\/www.lavras24horas.com.br\/portal\/wp-content\/uploads\/2022\/06\/WhatsApp-Image-2022-06-23-at-09.36.14.jpeg?resize=768%2C576&amp;ssl=1 768w, https:\/\/i0.wp.com\/www.lavras24horas.com.br\/portal\/wp-content\/uploads\/2022\/06\/WhatsApp-Image-2022-06-23-at-09.36.14.jpeg?resize=1536%2C1153&amp;ssl=1 1536w\" sizes=\"(max-width: 800px) 100vw, 800px\" \/><\/p>\n<p style=\"text-align: justify;\">Ela visitou ainda o memorial da escola, que cont\u00e9m fotos, documentos e trof\u00e9us, al\u00e9m de salas de aula.\u00a0 Pode at\u00e9 mesmo reconhecer sua foto ainda menina junto dos seus amigos de turma e relembrar momentos importantes do seu passado.<\/p>\n<p style=\"text-align: justify;\">\n<p style=\"text-align: justify;\">L\u00facia Cicarelli escreveu um artigo para o jornal escolar produzido pelos alunos na \u00e9poca. Chamado \u201cEra Uma Vez&#8230;\u201d, o peri\u00f3dico foi editado entre 1935 e 1938. \u00a0A homenagem integra o projeto \u201cMem\u00f3ria Escolar Lavrense\u201d lan\u00e7ado este ano e dedicado \u00e0 organiza\u00e7\u00e3o das identidades, mem\u00f3rias e acervos hist\u00f3ricos das escolas municipais lavrenses.<\/p>\n<p><img data-recalc-dims=\"1\" decoding=\"async\" data-attachment-id=\"280853\" data-permalink=\"https:\/\/www.lavras24horas.com.br\/portal\/alunos-da-escola-alvaro-botelho-prestam-homenagem-a-lucia-cicarelli\/whatsapp-image-2022-06-23-at-14-36-10\/\" data-orig-file=\"https:\/\/i0.wp.com\/www.lavras24horas.com.br\/portal\/wp-content\/uploads\/2022\/06\/WhatsApp-Image-2022-06-23-at-14.36.10.jpeg?fit=1200%2C1599&amp;ssl=1\" data-orig-size=\"1200,1599\" data-comments-opened=\"0\" data-image-meta=\"{&quot;aperture&quot;:&quot;0&quot;,&quot;credit&quot;:&quot;&quot;,&quot;camera&quot;:&quot;&quot;,&quot;caption&quot;:&quot;&quot;,&quot;created_timestamp&quot;:&quot;0&quot;,&quot;copyright&quot;:&quot;&quot;,&quot;focal_length&quot;:&quot;0&quot;,&quot;iso&quot;:&quot;0&quot;,&quot;shutter_speed&quot;:&quot;0&quot;,&quot;title&quot;:&quot;&quot;,&quot;orientation&quot;:&quot;0&quot;}\" data-image-title=\"WhatsApp Image 2022-06-23 at 14.36.10\" data-image-description=\"\" data-image-caption=\"\" data-large-file=\"https:\/\/i0.wp.com\/www.lavras24horas.com.br\/portal\/wp-content\/uploads\/2022\/06\/WhatsApp-Image-2022-06-23-at-14.36.10.jpeg?fit=248%2C330&amp;ssl=1\" class=\"aligncenter wp-image-280853 size-full lazyload\" data-src=\"https:\/\/i0.wp.com\/www.lavras24horas.com.br\/portal\/wp-content\/uploads\/2022\/06\/WhatsApp-Image-2022-06-23-at-14.36.10.jpeg?resize=800%2C1066&#038;ssl=1\" alt=\"\" width=\"800\" height=\"1066\" data-srcset=\"https:\/\/i0.wp.com\/www.lavras24horas.com.br\/portal\/wp-content\/uploads\/2022\/06\/WhatsApp-Image-2022-06-23-at-14.36.10.jpeg?w=1200&amp;ssl=1 1200w, https:\/\/i0.wp.com\/www.lavras24horas.com.br\/portal\/wp-content\/uploads\/2022\/06\/WhatsApp-Image-2022-06-23-at-14.36.10.jpeg?resize=248%2C330&amp;ssl=1 248w, https:\/\/i0.wp.com\/www.lavras24horas.com.br\/portal\/wp-content\/uploads\/2022\/06\/WhatsApp-Image-2022-06-23-at-14.36.10.jpeg?resize=768%2C1023&amp;ssl=1 768w, https:\/\/i0.wp.com\/www.lavras24horas.com.br\/portal\/wp-content\/uploads\/2022\/06\/WhatsApp-Image-2022-06-23-at-14.36.10.jpeg?resize=1153%2C1536&amp;ssl=1 1153w\" data-sizes=\"(max-width: 800px) 100vw, 800px\" src=\"data:image\/svg+xml;base64,PHN2ZyB3aWR0aD0iMSIgaGVpZ2h0PSIxIiB4bWxucz0iaHR0cDovL3d3dy53My5vcmcvMjAwMC9zdmciPjwvc3ZnPg==\" style=\"--smush-placeholder-width: 800px; --smush-placeholder-aspect-ratio: 800\/1066;\" \/><\/p>\n<p style=\"text-align: justify;\">\n<p style=\"text-align: justify;\">Na oportunidade, a homenageada recebeu uma reprodu\u00e7\u00e3o com artigos do jornal editado na \u00e9poca. Entre as a\u00e7\u00f5es desse projeto encabe\u00e7ado pela Secretaria Municipal de Educa\u00e7\u00e3o de Lavras, destaca-se a digitaliza\u00e7\u00e3o do jornal escolar \u201c&#8217;Era uma vez&#8230;\u201d. O conte\u00fado do peri\u00f3dico foi editado e publicado em edi\u00e7\u00e3o conjunta com o Conselho Deliberativo do Patrim\u00f4nio Cultural de Lavras na Revista do Patrim\u00f4nio Cultural de Lavras n. 3.<\/p>\n<p style=\"text-align: justify;\">\n","protected":false},"excerpt":{"rendered":"<p>&nbsp; &nbsp; Alunos da Escola Municipal \u00c1lvaro Botelho prestaram uma homenagem \u00e0 L\u00facia Cicarelli, empres\u00e1ria aposentada, artista pl\u00e1stica e carnavalesca lavrense de longa data. A homenageada de 97 anos de idade, foi recebida por um coro de alunos da institui\u00e7\u00e3o ao som do hino da escola nesta quarta-feira, dia 22. Ex-aluna do col\u00e9gio, no qual [&hellip;]<\/p>\n","protected":false},"author":7,"featured_media":280851,"comment_status":"closed","ping_status":"closed","sticky":false,"template":"","format":"standard","meta":{"advanced_seo_description":"","jetpack_seo_html_title":"","jetpack_seo_noindex":false,"_jetpack_memberships_contains_paid_content":false,"footnotes":""},"categories":[13077,4],"tags":[],"class_list":["post-280850","post","type-post","status-publish","format-standard","has-post-thumbnail","hentry","category-laterais-2","category-lavras"],"jetpack_featured_media_url":"https:\/\/i0.wp.com\/www.lavras24horas.com.br\/portal\/wp-content\/uploads\/2022\/06\/WhatsApp-Image-2022-06-23-at-09.36.13-1-e1656011863807.jpeg?fit=500%2C375&ssl=1","jetpack_sharing_enabled":true,"jetpack_likes_enabled":true,"jetpack_shortlink":"https:\/\/wp.me\/p12djN-1b3Q","_links":{"self":[{"href":"https:\/\/www.lavras24horas.com.br\/portal\/wp-json\/wp\/v2\/posts\/280850","targetHints":{"allow":["GET"]}}],"collection":[{"href":"https:\/\/www.lavras24horas.com.br\/portal\/wp-json\/wp\/v2\/posts"}],"about":[{"href":"https:\/\/www.lavras24horas.com.br\/portal\/wp-json\/wp\/v2\/types\/post"}],"author":[{"embeddable":true,"href":"https:\/\/www.lavras24horas.com.br\/portal\/wp-json\/wp\/v2\/users\/7"}],"replies":[{"embeddable":true,"href":"https:\/\/www.lavras24horas.com.br\/portal\/wp-json\/wp\/v2\/comments?post=280850"}],"version-history":[{"count":1,"href":"https:\/\/www.lavras24horas.com.br\/portal\/wp-json\/wp\/v2\/posts\/280850\/revisions"}],"predecessor-version":[{"id":280854,"href":"https:\/\/www.lavras24horas.com.br\/portal\/wp-json\/wp\/v2\/posts\/280850\/revisions\/280854"}],"wp:featuredmedia":[{"embeddable":true,"href":"https:\/\/www.lavras24horas.com.br\/portal\/wp-json\/wp\/v2\/media\/280851"}],"wp:attachment":[{"href":"https:\/\/www.lavras24horas.com.br\/portal\/wp-json\/wp\/v2\/media?parent=280850"}],"wp:term":[{"taxonomy":"category","embeddable":true,"href":"https:\/\/www.lavras24horas.com.br\/portal\/wp-json\/wp\/v2\/categories?post=280850"},{"taxonomy":"post_tag","embeddable":true,"href":"https:\/\/www.lavras24horas.com.br\/portal\/wp-json\/wp\/v2\/tags?post=280850"}],"curies":[{"name":"wp","href":"https:\/\/api.w.org\/{rel}","templated":true}]}}