{"id":275805,"date":"2022-01-11T16:16:32","date_gmt":"2022-01-11T19:16:32","guid":{"rendered":"https:\/\/www.lavras24horas.com.br\/portal\/?p=275805"},"modified":"2022-01-11T16:16:32","modified_gmt":"2022-01-11T19:16:32","slug":"cratera-se-abre-em-rodovia-entre-perdoes-e-cana-verde","status":"publish","type":"post","link":"https:\/\/www.lavras24horas.com.br\/portal\/cratera-se-abre-em-rodovia-entre-perdoes-e-cana-verde\/","title":{"rendered":"Cratera se abre em rodovia entre Perd\u00f5es e Cana Verde"},"content":{"rendered":"<p>&nbsp;<\/p>\n<p>&nbsp;<\/p>\n<p>&nbsp;<\/p>\n<p style=\"text-align: justify;\">Uma cratera se abriu \u00e0s margens da BR-354, entre Perd\u00f5es e Cana Verde, ap\u00f3s as fortes chuvas que ca\u00edram no Sul de Minas nos \u00faltimos dias. O trecho foi sinalizado pelo Departamento Nacional de Infraestrutura de Transportes (Denit), mas o local leva perigo aos motoristas por ficar em uma curva.<\/p>\n<p style=\"text-align: justify;\">A sinaliza\u00e7\u00e3o foi feita h\u00e1 cinco dias e, depois disso, mais nenhuma obra foi feita no trecho. O Corpo de Bombeiros, alerta sobre os cuidados ao dirigir em per\u00edodos de chuva e em rodovias com buracos, como \u00e9 o caso do trecho da BR-354.<\/p>\n<p style=\"text-align: justify;\">\u201cO per\u00edodo chuvoso \u00e9 um per\u00edodo que traz algumas surpresas, ent\u00e3o a primeira orienta\u00e7\u00e3o que a gente d\u00e1 \u00e9 em rela\u00e7\u00e3o \u00e0 manuten\u00e7\u00e3o do ve\u00edculo, posteriormente a gente orienta que os condutores redobrem a aten\u00e7\u00e3o e que, ao trafegarem pela via, reduzam a velocidade do ve\u00edculo, principalmente ao presenciar que a rodovia possui alguns buracos, entre outras situa\u00e7\u00f5es. Evitem, tamb\u00e9m, andar muito pr\u00f3ximos ao ve\u00edculo da frente. S\u00e3o orienta\u00e7\u00f5es que damos para os condutores possam trafegar com seguran\u00e7a e evitem um mal maior\u201d, disse o tenente Alex Rezende da Silva, do Corpo de Bombeiros.<\/p>\n<p style=\"text-align: justify;\">O tenente salientou, ainda, sobre com os motoristas devem agir em casos em que a rodovia passa por cima de rios.<\/p>\n<p style=\"text-align: justify;\">\u201cNo per\u00edodo chuvoso, ao trafegar pela via, existem v\u00e1rias situa\u00e7\u00f5es. T\u00eam situa\u00e7\u00f5es, al\u00e9m de buracos, barreiras que podem ter ca\u00eddo, h\u00e1 riachos que cortam as rodovias, ent\u00e3o, uma vez em que o fluxo de \u00e1gua aumenta \u00e9 um risco muito grande o motorista tentar transpor essas situa\u00e7\u00f5es. Ent\u00e3o, orientamos a estacionar em um local seguro, espere a \u00e1gua baixar e principalmente comunique os \u00f3rg\u00e3os de seguran\u00e7a, para que sejam tomadas as medidas pertinentes\u201d, falou.<\/p>\n<p style=\"text-align: justify;\">A produ\u00e7\u00e3o da EPTV, afiliada Rede Globo, entrou em contato com o Denit para um posicionamento sobre o problema na rodovia, mas at\u00e9 est\u00e1 publica\u00e7\u00e3o nenhum retorno foi dado.<\/p>\n<p><strong>Fonte: G1<\/strong><\/p>\n","protected":false},"excerpt":{"rendered":"<p>&nbsp; &nbsp; &nbsp; Uma cratera se abriu \u00e0s margens da BR-354, entre Perd\u00f5es e Cana Verde, ap\u00f3s as fortes chuvas que ca\u00edram no Sul de Minas nos \u00faltimos dias. O trecho foi sinalizado pelo Departamento Nacional de Infraestrutura de Transportes (Denit), mas o local leva perigo aos motoristas por ficar em uma curva. A sinaliza\u00e7\u00e3o [&hellip;]<\/p>\n","protected":false},"author":7,"featured_media":275806,"comment_status":"closed","ping_status":"closed","sticky":false,"template":"","format":"standard","meta":{"advanced_seo_description":"","jetpack_seo_html_title":"","jetpack_seo_noindex":false,"_jetpack_memberships_contains_paid_content":false,"footnotes":""},"categories":[4],"tags":[],"class_list":["post-275805","post","type-post","status-publish","format-standard","has-post-thumbnail","hentry","category-lavras"],"jetpack_featured_media_url":"https:\/\/i0.wp.com\/www.lavras24horas.com.br\/portal\/wp-content\/uploads\/2022\/01\/cratera-rodovia.jpg?fit=1000%2C627&ssl=1","jetpack_sharing_enabled":true,"jetpack_likes_enabled":true,"jetpack_shortlink":"https:\/\/wp.me\/p12djN-19Kt","_links":{"self":[{"href":"https:\/\/www.lavras24horas.com.br\/portal\/wp-json\/wp\/v2\/posts\/275805","targetHints":{"allow":["GET"]}}],"collection":[{"href":"https:\/\/www.lavras24horas.com.br\/portal\/wp-json\/wp\/v2\/posts"}],"about":[{"href":"https:\/\/www.lavras24horas.com.br\/portal\/wp-json\/wp\/v2\/types\/post"}],"author":[{"embeddable":true,"href":"https:\/\/www.lavras24horas.com.br\/portal\/wp-json\/wp\/v2\/users\/7"}],"replies":[{"embeddable":true,"href":"https:\/\/www.lavras24horas.com.br\/portal\/wp-json\/wp\/v2\/comments?post=275805"}],"version-history":[{"count":1,"href":"https:\/\/www.lavras24horas.com.br\/portal\/wp-json\/wp\/v2\/posts\/275805\/revisions"}],"predecessor-version":[{"id":275807,"href":"https:\/\/www.lavras24horas.com.br\/portal\/wp-json\/wp\/v2\/posts\/275805\/revisions\/275807"}],"wp:featuredmedia":[{"embeddable":true,"href":"https:\/\/www.lavras24horas.com.br\/portal\/wp-json\/wp\/v2\/media\/275806"}],"wp:attachment":[{"href":"https:\/\/www.lavras24horas.com.br\/portal\/wp-json\/wp\/v2\/media?parent=275805"}],"wp:term":[{"taxonomy":"category","embeddable":true,"href":"https:\/\/www.lavras24horas.com.br\/portal\/wp-json\/wp\/v2\/categories?post=275805"},{"taxonomy":"post_tag","embeddable":true,"href":"https:\/\/www.lavras24horas.com.br\/portal\/wp-json\/wp\/v2\/tags?post=275805"}],"curies":[{"name":"wp","href":"https:\/\/api.w.org\/{rel}","templated":true}]}}