{"id":275276,"date":"2021-12-20T17:02:39","date_gmt":"2021-12-20T20:02:39","guid":{"rendered":"https:\/\/www.lavras24horas.com.br\/portal\/?p=275276"},"modified":"2021-12-20T17:02:39","modified_gmt":"2021-12-20T20:02:39","slug":"tem-inicio-a-execucao-do-projeto-paisagistico-do-campus-da-ufla-em-sao-sebastiao-do-paraiso","status":"publish","type":"post","link":"https:\/\/www.lavras24horas.com.br\/portal\/tem-inicio-a-execucao-do-projeto-paisagistico-do-campus-da-ufla-em-sao-sebastiao-do-paraiso\/","title":{"rendered":"Tem in\u00edcio a execu\u00e7\u00e3o do projeto paisag\u00edstico do c\u00e2mpus da UFLA em S\u00e3o Sebasti\u00e3o do Para\u00edso"},"content":{"rendered":"<p>&nbsp;<\/p>\n<p>&nbsp;<\/p>\n<p style=\"text-align: justify;\">Como parte das a\u00e7\u00f5es para o in\u00edcio das atividades acad\u00eamicas previstas para mar\u00e7o de 2022, o novo c\u00e2mpus da Universidade Federal de Lavras (UFLA) em S\u00e3o Sebasti\u00e3o do Para\u00edso recebeu, neste fim de semana, mais de 500 mudas de quinze esp\u00e9cies arb\u00f3reas e arbustivas que foram cultivadas na Escola de Ci\u00eancias Agr\u00e1rias (Esal) do c\u00e2mpus de Lavras. O planejamento da \u00e1rea verde do novo c\u00e2mpus tem sido uma prioridade da Pr\u00f3-Reitoria de Infraestrutura e Log\u00edstica (Proinfra). \u201cNossa inten\u00e7\u00e3o foi colocar essas mudas em porte de urbaniza\u00e7\u00e3o para amenizarmos a temperatura no local, dando uma melhor sensa\u00e7\u00e3o t\u00e9rmica aos frequentadores.\u00a0 Al\u00e9m disso, j\u00e1 fizemos todas as medi\u00e7\u00f5es para plantio da grama, o que ser\u00e1 feito em breve. J\u00e1 as plantas ornamentais escolhidas s\u00e3o as mais r\u00fasticas e resistentes ao calor. Nossa previs\u00e3o \u00e9 que tudo possa ser feito antes do in\u00edcio das aulas\u201d, comenta a respons\u00e1vel pelo paisagismo, Thalita Maciel Pereira.<\/p>\n<p style=\"text-align: justify;\">A UFLA ocupa posi\u00e7\u00e3o de destaque no UI GreenMetric World University Ranking 2021, que avalia a\u00e7\u00f5es sustent\u00e1veis desenvolvidas por institui\u00e7\u00f5es de ensino no mundo, por isso h\u00e1 uma grande preocupa\u00e7\u00e3o com o reflorestamento da \u00e1rea de 150 mil m2, localizada no bairro Jardim Mediterran\u00e9e. \u201cComo o c\u00e2mpus sede da UFLA \u00e9 conhecido por suas \u00e1rvores e pelo seu verde, vamos manter essa caracter\u00edstica no c\u00e2mpus novo\u201d, destaca Thalita.<\/p>\n<p style=\"text-align: justify;\">Para realizar o planejamento das \u00e1reas verdes, uma equipe composta por Thalita, pelo tamb\u00e9m respons\u00e1vel pelo paisagismo, M\u00e1rcio Tadeu, e pelos professores Michele\u00a0Valqu\u00edria dos Reis, Patr\u00edcia\u00a0Duarte de Oliveira Paiva e Lucas Amaral\u00a0de Melo, visitou diversas vezes o novo c\u00e2mpus. \u201cNesta semana essas diferentes esp\u00e9cies ser\u00e3o plantadas, tamb\u00e9m est\u00e1 previsto um bosque que ser\u00e1 implantado em breve\u201d, explica a professora Michele.<\/p>\n<p style=\"text-align: justify;\">De acordo com Michele, o processo de arboriza\u00e7\u00e3o do novo c\u00e2mpus ser\u00e1 desenvolvido em longo prazo, j\u00e1 que algumas esp\u00e9cies podem demorar alguns anos para adquirir altura suficiente para um bom sombreamento, por\u00e9m tudo \u00e9 feito com planejamento para que a \u00e1rea verde seja de qualidade e proporcione bem-estar aos frequentadores do c\u00e2mpus. \u201cTemos aqui em Lavras essa experi\u00eancia: as pessoas gostam de ficar embaixo das \u00e1rvores, se reunir nos finais de semana. Ent\u00e3o n\u00f3s estamos fazendo um projeto para que a sociedade de S\u00e3o Sebasti\u00e3o do Para\u00edso possa frequentar o novo c\u00e2mpus como fazemos aqui, melhorando, assim, a qualidade de vida das pessoas\u201d, diz.<\/p>\n<p style=\"text-align: justify;\">As mudas plantadas em S\u00e3o Sebasti\u00e3o do Para\u00edso s\u00e3o todas produzidas na UFLA, por uma parceria entre o Horto Bot\u00e2nico, o Horto Florestal e o N\u00facleo de Estudos em Paisagismo e Floricultura\u00a0(Nepaflor), da Escola de Ci\u00eancias Agr\u00e1rias (Esal). Dessa forma, a UFLA se tornou auto sustent\u00e1vel no fornecimento de mudas arb\u00f3reas. \u201cN\u00f3s buscamos estabelecer o padr\u00e3o de urbaniza\u00e7\u00e3o urbana. As mudas que foram enviadas possuem de 1,80m at\u00e9 2m de comprimento, para um melhor pegamento, j\u00e1 que mais rapidamente poder\u00e3o proporcionar sombreamento. Al\u00e9m disso, nos d\u00e3o menos manuten\u00e7\u00e3o\u201d, explica a professora Michele.<\/p>\n<p style=\"text-align: justify;\">Chegaram ao novo c\u00e2mpus as esp\u00e9cies Magn\u00f3lia, Aroeirinha, Canafistula, Ip\u00ea Rosa, Oiti, Ip\u00ea Branco, Jacarand\u00e1 Mimoso, Pitanga, Flamboyant, Flamboyant Mirim, Ameixeira, Cordia, Hortencias, Alpineas, Crotons e Ruellia. O local j\u00e1 possui cinco obras conclu\u00eddas, e outras quatro est\u00e3o em andamento ou aguardando licita\u00e7\u00e3o para execu\u00e7\u00e3o do remanescente de algumas obras. O planejamento total para a \u00e1rea do c\u00e2mpus \u00e9 de nove estruturas. Encontram-se conclu\u00eddos o campo de futebol e a quadra, o pavilh\u00e3o de aulas, o pr\u00e9dio da Incubadora, o pr\u00e9dio de Laborat\u00f3rios e o pr\u00e9dio de Log\u00edstica. Em andamento se encontra a obra da biblioteca. Aguardando a licita\u00e7\u00e3o do remanescente est\u00e3o as obras do anfiteatro, do centro de conviv\u00eancia e o pr\u00e9dio das Engenharias.<\/p>\n","protected":false},"excerpt":{"rendered":"<p>&nbsp; &nbsp; Como parte das a\u00e7\u00f5es para o in\u00edcio das atividades acad\u00eamicas previstas para mar\u00e7o de 2022, o novo c\u00e2mpus da Universidade Federal de Lavras (UFLA) em S\u00e3o Sebasti\u00e3o do Para\u00edso recebeu, neste fim de semana, mais de 500 mudas de quinze esp\u00e9cies arb\u00f3reas e arbustivas que foram cultivadas na Escola de Ci\u00eancias Agr\u00e1rias (Esal) [&hellip;]<\/p>\n","protected":false},"author":7,"featured_media":275277,"comment_status":"closed","ping_status":"closed","sticky":false,"template":"","format":"standard","meta":{"advanced_seo_description":"","jetpack_seo_html_title":"","jetpack_seo_noindex":false,"_jetpack_memberships_contains_paid_content":false,"footnotes":""},"categories":[13,4],"tags":[],"class_list":["post-275276","post","type-post","status-publish","format-standard","has-post-thumbnail","hentry","category-laterais-1","category-lavras"],"jetpack_featured_media_url":"https:\/\/i0.wp.com\/www.lavras24horas.com.br\/portal\/wp-content\/uploads\/2021\/12\/campus_paraiso_900.jpg?fit=900%2C675&ssl=1","jetpack_sharing_enabled":true,"jetpack_likes_enabled":true,"_links":{"self":[{"href":"https:\/\/www.lavras24horas.com.br\/portal\/wp-json\/wp\/v2\/posts\/275276","targetHints":{"allow":["GET"]}}],"collection":[{"href":"https:\/\/www.lavras24horas.com.br\/portal\/wp-json\/wp\/v2\/posts"}],"about":[{"href":"https:\/\/www.lavras24horas.com.br\/portal\/wp-json\/wp\/v2\/types\/post"}],"author":[{"embeddable":true,"href":"https:\/\/www.lavras24horas.com.br\/portal\/wp-json\/wp\/v2\/users\/7"}],"replies":[{"embeddable":true,"href":"https:\/\/www.lavras24horas.com.br\/portal\/wp-json\/wp\/v2\/comments?post=275276"}],"version-history":[{"count":1,"href":"https:\/\/www.lavras24horas.com.br\/portal\/wp-json\/wp\/v2\/posts\/275276\/revisions"}],"predecessor-version":[{"id":275278,"href":"https:\/\/www.lavras24horas.com.br\/portal\/wp-json\/wp\/v2\/posts\/275276\/revisions\/275278"}],"wp:featuredmedia":[{"embeddable":true,"href":"https:\/\/www.lavras24horas.com.br\/portal\/wp-json\/wp\/v2\/media\/275277"}],"wp:attachment":[{"href":"https:\/\/www.lavras24horas.com.br\/portal\/wp-json\/wp\/v2\/media?parent=275276"}],"wp:term":[{"taxonomy":"category","embeddable":true,"href":"https:\/\/www.lavras24horas.com.br\/portal\/wp-json\/wp\/v2\/categories?post=275276"},{"taxonomy":"post_tag","embeddable":true,"href":"https:\/\/www.lavras24horas.com.br\/portal\/wp-json\/wp\/v2\/tags?post=275276"}],"curies":[{"name":"wp","href":"https:\/\/api.w.org\/{rel}","templated":true}]}}