{"id":274564,"date":"2021-11-26T14:47:57","date_gmt":"2021-11-26T17:47:57","guid":{"rendered":"https:\/\/www.lavras24horas.com.br\/portal\/?p=274564"},"modified":"2021-11-26T14:48:42","modified_gmt":"2021-11-26T17:48:42","slug":"frase-em-latim-e-recolada-na-fachada-da-santa-casa","status":"publish","type":"post","link":"https:\/\/www.lavras24horas.com.br\/portal\/frase-em-latim-e-recolada-na-fachada-da-santa-casa\/","title":{"rendered":"Frase em latim \u00e9 recolada na fachada do pr\u00e9dio da Santa Casa de Miseric\u00f3rdia"},"content":{"rendered":"<p>&nbsp;<\/p>\n<p>&nbsp;<\/p>\n<p>A famosa frase em latim, &#8220;Noli Laetari Nisi Quum Benefeceris&#8221; (N\u00e3o te alegres enquanto n\u00e3o tiveres praticado o bem), que estava afixada na fachada do antigo pr\u00e9dio da Santa Casa de Miseric\u00f3rdia de Lavras, foi posta novamente no local nesta sexta-feira (26).<\/p>\n<p><img data-recalc-dims=\"1\" fetchpriority=\"high\" decoding=\"async\" data-attachment-id=\"274565\" data-permalink=\"https:\/\/www.lavras24horas.com.br\/portal\/frase-em-latim-e-recolada-na-fachada-da-santa-casa\/260799511_1283945668787067_2991815413276035748_n\/\" data-orig-file=\"https:\/\/i0.wp.com\/www.lavras24horas.com.br\/portal\/wp-content\/uploads\/2021\/11\/260799511_1283945668787067_2991815413276035748_n.jpg?fit=785%2C785&amp;ssl=1\" data-orig-size=\"785,785\" data-comments-opened=\"0\" data-image-meta=\"{&quot;aperture&quot;:&quot;0&quot;,&quot;credit&quot;:&quot;&quot;,&quot;camera&quot;:&quot;&quot;,&quot;caption&quot;:&quot;&quot;,&quot;created_timestamp&quot;:&quot;0&quot;,&quot;copyright&quot;:&quot;&quot;,&quot;focal_length&quot;:&quot;0&quot;,&quot;iso&quot;:&quot;0&quot;,&quot;shutter_speed&quot;:&quot;0&quot;,&quot;title&quot;:&quot;&quot;,&quot;orientation&quot;:&quot;0&quot;}\" data-image-title=\"260799511_1283945668787067_2991815413276035748_n\" data-image-description=\"\" data-image-caption=\"\" data-large-file=\"https:\/\/i0.wp.com\/www.lavras24horas.com.br\/portal\/wp-content\/uploads\/2021\/11\/260799511_1283945668787067_2991815413276035748_n.jpg?fit=330%2C330&amp;ssl=1\" class=\"size-large wp-image-274565 aligncenter\" src=\"https:\/\/i0.wp.com\/www.lavras24horas.com.br\/portal\/wp-content\/uploads\/2021\/11\/260799511_1283945668787067_2991815413276035748_n.jpg?resize=330%2C330&#038;ssl=1\" alt=\"\" width=\"330\" height=\"330\" srcset=\"https:\/\/i0.wp.com\/www.lavras24horas.com.br\/portal\/wp-content\/uploads\/2021\/11\/260799511_1283945668787067_2991815413276035748_n.jpg?resize=330%2C330&amp;ssl=1 330w, https:\/\/i0.wp.com\/www.lavras24horas.com.br\/portal\/wp-content\/uploads\/2021\/11\/260799511_1283945668787067_2991815413276035748_n.jpg?resize=768%2C768&amp;ssl=1 768w, https:\/\/i0.wp.com\/www.lavras24horas.com.br\/portal\/wp-content\/uploads\/2021\/11\/260799511_1283945668787067_2991815413276035748_n.jpg?w=785&amp;ssl=1 785w\" sizes=\"(max-width: 330px) 100vw, 330px\" \/><\/p>\n<p>As pe\u00e7as foram retiradas para a constru\u00e7\u00e3o do novo pr\u00e9dio de 10 andares. A institui\u00e7\u00e3o informou que o letreiro foi inteiramente restaurado, bem como o primeiro livro de atas e a ata de forma\u00e7\u00e3o da institui\u00e7\u00e3o. A Santa Casa de Miseric\u00f3rdia de Lavras completou 156 anos.<\/p>\n","protected":false},"excerpt":{"rendered":"<p>&nbsp; &nbsp; A famosa frase em latim, &#8220;Noli Laetari Nisi Quum Benefeceris&#8221; (N\u00e3o te alegres enquanto n\u00e3o tiveres praticado o bem), que estava afixada na fachada do antigo pr\u00e9dio da Santa Casa de Miseric\u00f3rdia de Lavras, foi posta novamente no local nesta sexta-feira (26). As pe\u00e7as foram retiradas para a constru\u00e7\u00e3o do novo pr\u00e9dio de [&hellip;]<\/p>\n","protected":false},"author":7,"featured_media":274566,"comment_status":"closed","ping_status":"closed","sticky":false,"template":"","format":"standard","meta":{"advanced_seo_description":"","jetpack_seo_html_title":"","jetpack_seo_noindex":false,"_jetpack_memberships_contains_paid_content":false,"footnotes":""},"categories":[13077,4],"tags":[],"class_list":["post-274564","post","type-post","status-publish","format-standard","has-post-thumbnail","hentry","category-laterais-2","category-lavras"],"jetpack_featured_media_url":"https:\/\/i0.wp.com\/www.lavras24horas.com.br\/portal\/wp-content\/uploads\/2021\/11\/260807760_1283945665453734_4213930919570980331_n.jpg?fit=792%2C792&ssl=1","jetpack_sharing_enabled":true,"jetpack_likes_enabled":true,"_links":{"self":[{"href":"https:\/\/www.lavras24horas.com.br\/portal\/wp-json\/wp\/v2\/posts\/274564","targetHints":{"allow":["GET"]}}],"collection":[{"href":"https:\/\/www.lavras24horas.com.br\/portal\/wp-json\/wp\/v2\/posts"}],"about":[{"href":"https:\/\/www.lavras24horas.com.br\/portal\/wp-json\/wp\/v2\/types\/post"}],"author":[{"embeddable":true,"href":"https:\/\/www.lavras24horas.com.br\/portal\/wp-json\/wp\/v2\/users\/7"}],"replies":[{"embeddable":true,"href":"https:\/\/www.lavras24horas.com.br\/portal\/wp-json\/wp\/v2\/comments?post=274564"}],"version-history":[{"count":2,"href":"https:\/\/www.lavras24horas.com.br\/portal\/wp-json\/wp\/v2\/posts\/274564\/revisions"}],"predecessor-version":[{"id":274568,"href":"https:\/\/www.lavras24horas.com.br\/portal\/wp-json\/wp\/v2\/posts\/274564\/revisions\/274568"}],"wp:featuredmedia":[{"embeddable":true,"href":"https:\/\/www.lavras24horas.com.br\/portal\/wp-json\/wp\/v2\/media\/274566"}],"wp:attachment":[{"href":"https:\/\/www.lavras24horas.com.br\/portal\/wp-json\/wp\/v2\/media?parent=274564"}],"wp:term":[{"taxonomy":"category","embeddable":true,"href":"https:\/\/www.lavras24horas.com.br\/portal\/wp-json\/wp\/v2\/categories?post=274564"},{"taxonomy":"post_tag","embeddable":true,"href":"https:\/\/www.lavras24horas.com.br\/portal\/wp-json\/wp\/v2\/tags?post=274564"}],"curies":[{"name":"wp","href":"https:\/\/api.w.org\/{rel}","templated":true}]}}