{"id":272711,"date":"2021-09-28T08:50:37","date_gmt":"2021-09-28T11:50:37","guid":{"rendered":"https:\/\/www.lavras24horas.com.br\/portal\/?p=272711"},"modified":"2021-09-28T08:50:37","modified_gmt":"2021-09-28T11:50:37","slug":"senac-oferece-mais-de-700-vagas-para-cursos-tecnicos-no-sul-de-minas","status":"publish","type":"post","link":"https:\/\/www.lavras24horas.com.br\/portal\/senac-oferece-mais-de-700-vagas-para-cursos-tecnicos-no-sul-de-minas\/","title":{"rendered":"Senac oferece mais de 700 vagas para cursos t\u00e9cnicos no Sul de Minas"},"content":{"rendered":"<div class=\"mc-column content-text active-extra-styles \" data-block-type=\"unstyled\" data-block-weight=\"43\" data-block-id=\"2\">\n<p data-track-category=\"Link no Texto\" data-track-links=\"\">\n<p data-track-category=\"Link no Texto\" data-track-links=\"\">\n<p class=\"content-text__container \" style=\"text-align: justify;\" data-track-category=\"Link no Texto\" data-track-links=\"\">O Senac est\u00e1 com inscri\u00e7\u00f5es abertas para vagas remanescentes do programa Trilhas de Futuro. O prazo termina nesta ter\u00e7a-feira (28). Ao todo, s\u00e3o 783 vaga gratuitas para cursos t\u00e9cnicos do Senac em Alfenas, Guaxup\u00e9, Itajub\u00e1, Lavras, Pouso Alegre, Tr\u00eas Cora\u00e7\u00f5es e Varginha.<\/p>\n<\/div>\n<div class=\"wall protected-content\">\n<div class=\"mc-column content-text active-extra-styles \" style=\"text-align: justify;\" data-block-type=\"unstyled\" data-block-weight=\"42\" data-block-id=\"3\">\n<p class=\"content-text__container \" data-track-category=\"Link no Texto\" data-track-links=\"\">As inscri\u00e7\u00f5es podem ser feitas pelo site do programa (clique aqui). Ao se inscrever, o candidato selecionar\u00e1 qual curso deseja realizar. Ele ser\u00e1 alocado para o curso e deve comparecer \u00e0 unidade do Senac at\u00e9 esta quarta-feira (29) para efetivar a matr\u00edcula.<\/p>\n<\/div>\n<div class=\"mc-column content-text active-extra-styles \" style=\"text-align: justify;\" data-block-type=\"unstyled\" data-block-weight=\"35\" data-block-id=\"4\">\n<p class=\"content-text__container \" data-track-category=\"Link no Texto\" data-track-links=\"\">As oportunidades s\u00e3o para 13 cursos diferentes em \u00e1reas como, sa\u00fade, inform\u00e1tica, gest\u00e3o, beleza e moda. Al\u00e9m das aulas, os participantes receber\u00e3o vale-transporte e alimenta\u00e7\u00e3o (R$ 18 por dia) como apoio para frequentar os cursos.<\/p>\n<\/div>\n<div class=\"mc-column content-text active-extra-styles \" style=\"text-align: justify;\" data-block-type=\"unstyled\" data-block-weight=\"70\" data-block-id=\"5\">\n<p class=\"content-text__container \" data-track-category=\"Link no Texto\" data-track-links=\"\">As aulas ser\u00e3o presenciais, com adequa\u00e7\u00e3o \u00e0s medidas locais de preven\u00e7\u00e3o \u00e0 Covid-19. Os cursos t\u00eam in\u00edcio previsto para o m\u00eas de outubro e duram, em m\u00e9dia, 18 a 24 meses. O projeto Trilha de Futuro \u00e9 destinado a estudantes regularmente matriculados nos segundos e terceiros anos do ensino m\u00e9dio; estudantes regularmente matriculados em qualquer per\u00edodo da Educa\u00e7\u00e3o de Jovens e Adultos (EJA); e jovens que conclu\u00edram o ensino m\u00e9dio.<\/p>\n<\/div>\n<div class=\"mc-column content-text active-extra-styles \" style=\"text-align: justify;\" data-block-type=\"unstyled\" data-block-weight=\"8\" data-block-id=\"6\">\n<p class=\"content-text__container \" data-track-category=\"Link no Texto\" data-track-links=\"\"><strong>Veja quantas vagas para cada unidade do Senac<\/strong><\/p>\n<\/div>\n<div class=\"mc-column content-text active-extra-styles\" data-block-type=\"raw\" data-block-weight=\"28\" data-block-id=\"7\">\n<p class=\"content-text__container\" style=\"text-align: justify;\">\n<ul class=\"content-unordered-list\">\n<li style=\"text-align: justify;\">Senac Alfenas: 25<\/li>\n<li style=\"text-align: justify;\">Senac Guaxup\u00e9: 55<\/li>\n<li style=\"text-align: justify;\">Senac Itajub\u00e1: 129<\/li>\n<li style=\"text-align: justify;\">Senac Lavras: 74<\/li>\n<li style=\"text-align: justify;\">Senac Po\u00e7os de Caldas: 107<\/li>\n<li style=\"text-align: justify;\">Senac Pouso Alegre: 175<\/li>\n<li style=\"text-align: justify;\">Senac Tr\u00eas Cora\u00e7\u00f5es: 102<\/li>\n<li style=\"text-align: justify;\">Senac Varginha: 116<\/li>\n<\/ul>\n<p><strong>Fonte: G1<\/strong><\/p>\n<\/div>\n<\/div>\n","protected":false},"excerpt":{"rendered":"<p>O Senac est\u00e1 com inscri\u00e7\u00f5es abertas para vagas remanescentes do programa Trilhas de Futuro. O prazo termina nesta ter\u00e7a-feira (28). Ao todo, s\u00e3o 783 vaga gratuitas para cursos t\u00e9cnicos do Senac em Alfenas, Guaxup\u00e9, Itajub\u00e1, Lavras, Pouso Alegre, Tr\u00eas Cora\u00e7\u00f5es e Varginha. As inscri\u00e7\u00f5es podem ser feitas pelo site do programa (clique aqui). Ao se [&hellip;]<\/p>\n","protected":false},"author":7,"featured_media":234224,"comment_status":"closed","ping_status":"closed","sticky":false,"template":"","format":"standard","meta":{"advanced_seo_description":"","jetpack_seo_html_title":"","jetpack_seo_noindex":false,"_jetpack_memberships_contains_paid_content":false,"footnotes":""},"categories":[4],"tags":[],"class_list":["post-272711","post","type-post","status-publish","format-standard","has-post-thumbnail","hentry","category-lavras"],"jetpack_featured_media_url":"https:\/\/i0.wp.com\/www.lavras24horas.com.br\/portal\/wp-content\/uploads\/2018\/07\/panoramica-lavras-2.jpg?fit=500%2C333&ssl=1","jetpack_sharing_enabled":true,"jetpack_likes_enabled":true,"_links":{"self":[{"href":"https:\/\/www.lavras24horas.com.br\/portal\/wp-json\/wp\/v2\/posts\/272711","targetHints":{"allow":["GET"]}}],"collection":[{"href":"https:\/\/www.lavras24horas.com.br\/portal\/wp-json\/wp\/v2\/posts"}],"about":[{"href":"https:\/\/www.lavras24horas.com.br\/portal\/wp-json\/wp\/v2\/types\/post"}],"author":[{"embeddable":true,"href":"https:\/\/www.lavras24horas.com.br\/portal\/wp-json\/wp\/v2\/users\/7"}],"replies":[{"embeddable":true,"href":"https:\/\/www.lavras24horas.com.br\/portal\/wp-json\/wp\/v2\/comments?post=272711"}],"version-history":[{"count":1,"href":"https:\/\/www.lavras24horas.com.br\/portal\/wp-json\/wp\/v2\/posts\/272711\/revisions"}],"predecessor-version":[{"id":272712,"href":"https:\/\/www.lavras24horas.com.br\/portal\/wp-json\/wp\/v2\/posts\/272711\/revisions\/272712"}],"wp:featuredmedia":[{"embeddable":true,"href":"https:\/\/www.lavras24horas.com.br\/portal\/wp-json\/wp\/v2\/media\/234224"}],"wp:attachment":[{"href":"https:\/\/www.lavras24horas.com.br\/portal\/wp-json\/wp\/v2\/media?parent=272711"}],"wp:term":[{"taxonomy":"category","embeddable":true,"href":"https:\/\/www.lavras24horas.com.br\/portal\/wp-json\/wp\/v2\/categories?post=272711"},{"taxonomy":"post_tag","embeddable":true,"href":"https:\/\/www.lavras24horas.com.br\/portal\/wp-json\/wp\/v2\/tags?post=272711"}],"curies":[{"name":"wp","href":"https:\/\/api.w.org\/{rel}","templated":true}]}}