{"id":270453,"date":"2021-07-22T16:31:31","date_gmt":"2021-07-22T19:31:31","guid":{"rendered":"https:\/\/www.lavras24horas.com.br\/portal\/?p=270453"},"modified":"2021-07-22T16:31:31","modified_gmt":"2021-07-22T19:31:31","slug":"geada-intensa-pode-atingir-68-cidades-de-minas-nesta-sexta","status":"publish","type":"post","link":"https:\/\/www.lavras24horas.com.br\/portal\/geada-intensa-pode-atingir-68-cidades-de-minas-nesta-sexta\/","title":{"rendered":"Geada intensa pode atingir 68 cidades de Minas nesta sexta"},"content":{"rendered":"<p>&nbsp;<\/p>\n<p>&nbsp;<\/p>\n<p style=\"text-align: justify;\">O Instituto Nacional de Meteorologia (Inmet) publicou, nesta quinta-feira (22\/7), alerta para novo risco de geadas em Minas Gerais, que podem ocorrer nesta sexta-feira (23\/7), entre as 3h e as 7h.<\/p>\n<p style=\"text-align: justify;\">Mais de 500 cidades de Minas t\u00eam alerta de frio severo; veja lista<br \/>\nSegundo o \u00f3rg\u00e3o, 68 munic\u00edpios do estado podem ser atingidos pelo fen\u00f4meno meteorol\u00f3gico (veja lista abaixo).<\/p>\n<p>O Inmet est\u00e1 divulgando diversos alertas da nova frente fria que atua sobre Minas Gerais durante esta semana. Os principais avisos s\u00e3o sobre as fortes geadas, que atingem principalmente as regi\u00f5es Sul, Sudoeste e a Serra Da Mantiqueira.<\/p>\n<p>De acordo com a meteorologista Anette Fernandes, as temperaturas negativas e as geadas, que est\u00e3o ocorrendo constantemente no Sul de Minas, t\u00eam causado perda nas planta\u00e7\u00f5es da regi\u00e3o.<\/p>\n<p>Confira a lista das cidades que podem ser atingidas por fortes geadas, na sexta-feira (23):<\/p>\n<p style=\"text-align: justify;\">Albertina<br \/>\nAndradas<br \/>\nBocaina De Minas<br \/>\nBom Repouso<br \/>\nBorda Da Mata<br \/>\nBraz\u00f3polis<br \/>\nBueno Brand\u00e3o<br \/>\nCachoeira De Minas<br \/>\nCaldas<br \/>\nCamanducaia<br \/>\nCambu\u00ed<br \/>\nCarea\u00e7u<br \/>\nCarmo De Minas<br \/>\nConcei\u00e7\u00e3o Das Pedras<br \/>\nConcei\u00e7\u00e3o Dos Ouros<br \/>\nCongonhal<br \/>\nConsola\u00e7\u00e3o<br \/>\nCristina<br \/>\nC\u00f3rrego Do Bom Jesus<br \/>\nDelfim Moreira<br \/>\nDom Vi\u00e7oso<br \/>\nEsp\u00edrito Santo Do Dourado<br \/>\nEstiva<br \/>\nExtrema<br \/>\nGon\u00e7alves<br \/>\nHeliodora<br \/>\nIbiti\u00fara De Minas<br \/>\nInconfidentes<br \/>\nIpui\u00fana<br \/>\nItajub\u00e1<br \/>\nItamonte<br \/>\nItanhandu<br \/>\nItapeva<br \/>\nJacutinga<br \/>\nJesu\u00e2nia<br \/>\nLambari<br \/>\nMaria Da F\u00e9<br \/>\nMarmel\u00f3polis<br \/>\nMonte Si\u00e3o<br \/>\nMunhoz<br \/>\nNat\u00e9rcia<br \/>\nOl\u00edmpio Noronha<br \/>\nOuro Fino<br \/>\nParais\u00f3polis<br \/>\nPassa Quatro<br \/>\nPedralva<br \/>\nPiranguinho<br \/>\nPirangu\u00e7u<br \/>\nPouso Alegre<br \/>\nPouso Alto<br \/>\nPo\u00e7os De Caldas<br \/>\nSanta Rita De Caldas<br \/>\nSanta Rita Do Sapuca\u00ed<br \/>\nSapuca\u00ed-Mirim<br \/>\nSenador Amaral<br \/>\nSenador Jos\u00e9 Bento<br \/>\nSilvian\u00f3polis<br \/>\nSoledade De Minas<br \/>\nS\u00e3o Gon\u00e7alo Do Sapuca\u00ed<br \/>\nS\u00e3o Jos\u00e9 Do Alegre<br \/>\nS\u00e3o Jo\u00e3o Da Mata<br \/>\nS\u00e3o Louren\u00e7o<br \/>\nS\u00e3o Sebasti\u00e3o Da Bela Vista<br \/>\nS\u00e3o Sebasti\u00e3o Do Rio Verde<br \/>\nTocos Do Moji<br \/>\nToledo<br \/>\nVirg\u00ednia<br \/>\nWenceslau Braz<br \/>\n*Estagi\u00e1ria sob supervis\u00e3o<br \/>\nTags: #alerta #manh\u00e3<\/p>\n","protected":false},"excerpt":{"rendered":"<p>&nbsp; &nbsp; O Instituto Nacional de Meteorologia (Inmet) publicou, nesta quinta-feira (22\/7), alerta para novo risco de geadas em Minas Gerais, que podem ocorrer nesta sexta-feira (23\/7), entre as 3h e as 7h. Mais de 500 cidades de Minas t\u00eam alerta de frio severo; veja lista Segundo o \u00f3rg\u00e3o, 68 munic\u00edpios do estado podem ser [&hellip;]<\/p>\n","protected":false},"author":7,"featured_media":245084,"comment_status":"closed","ping_status":"closed","sticky":false,"template":"","format":"standard","meta":{"advanced_seo_description":"","jetpack_seo_html_title":"","jetpack_seo_noindex":false,"_jetpack_memberships_contains_paid_content":false,"footnotes":""},"categories":[4],"tags":[],"class_list":["post-270453","post","type-post","status-publish","format-standard","has-post-thumbnail","hentry","category-lavras"],"jetpack_featured_media_url":"https:\/\/i0.wp.com\/www.lavras24horas.com.br\/portal\/wp-content\/uploads\/2019\/05\/20190526111816943007a.jpeg?fit=600%2C297&ssl=1","jetpack_sharing_enabled":true,"jetpack_likes_enabled":true,"jetpack_shortlink":"https:\/\/wp.me\/p12djN-18m9","_links":{"self":[{"href":"https:\/\/www.lavras24horas.com.br\/portal\/wp-json\/wp\/v2\/posts\/270453","targetHints":{"allow":["GET"]}}],"collection":[{"href":"https:\/\/www.lavras24horas.com.br\/portal\/wp-json\/wp\/v2\/posts"}],"about":[{"href":"https:\/\/www.lavras24horas.com.br\/portal\/wp-json\/wp\/v2\/types\/post"}],"author":[{"embeddable":true,"href":"https:\/\/www.lavras24horas.com.br\/portal\/wp-json\/wp\/v2\/users\/7"}],"replies":[{"embeddable":true,"href":"https:\/\/www.lavras24horas.com.br\/portal\/wp-json\/wp\/v2\/comments?post=270453"}],"version-history":[{"count":1,"href":"https:\/\/www.lavras24horas.com.br\/portal\/wp-json\/wp\/v2\/posts\/270453\/revisions"}],"predecessor-version":[{"id":270454,"href":"https:\/\/www.lavras24horas.com.br\/portal\/wp-json\/wp\/v2\/posts\/270453\/revisions\/270454"}],"wp:featuredmedia":[{"embeddable":true,"href":"https:\/\/www.lavras24horas.com.br\/portal\/wp-json\/wp\/v2\/media\/245084"}],"wp:attachment":[{"href":"https:\/\/www.lavras24horas.com.br\/portal\/wp-json\/wp\/v2\/media?parent=270453"}],"wp:term":[{"taxonomy":"category","embeddable":true,"href":"https:\/\/www.lavras24horas.com.br\/portal\/wp-json\/wp\/v2\/categories?post=270453"},{"taxonomy":"post_tag","embeddable":true,"href":"https:\/\/www.lavras24horas.com.br\/portal\/wp-json\/wp\/v2\/tags?post=270453"}],"curies":[{"name":"wp","href":"https:\/\/api.w.org\/{rel}","templated":true}]}}