{"id":266781,"date":"2021-04-07T10:00:00","date_gmt":"2021-04-07T13:00:00","guid":{"rendered":"https:\/\/www.lavras24horas.com.br\/portal\/?p=266781"},"modified":"2021-04-07T10:00:00","modified_gmt":"2021-04-07T13:00:00","slug":"banheiro-publico-fechado-prejudica-usuarios-no-centro-de-lavras","status":"publish","type":"post","link":"https:\/\/www.lavras24horas.com.br\/portal\/banheiro-publico-fechado-prejudica-usuarios-no-centro-de-lavras\/","title":{"rendered":"Banheiro p\u00fablico fechado prejudica usu\u00e1rios no centro de Lavras"},"content":{"rendered":"<p>&nbsp;<\/p>\n<p>&nbsp;<\/p>\n<p style=\"text-align: justify;\">Fechado desde a semana passada, o \u00fanico banheiro p\u00fablico existente no centro de Lavras tem prejudicado dezenas de usu\u00e1rios n\u00f3s \u00faltimos dias.<\/p>\n<p style=\"text-align: justify;\">As duas unidades foram instaladas de forma permanente ao lado da Igreja de Nossa Senhora do Ros\u00e1rio. N\u00e3o se trata de um banheiro qu\u00edmico, mas com instala\u00e7\u00f5es sanit\u00e1rias convencionais, sendo a tubula\u00e7\u00e3o ligada com a rede de esgoto.<\/p>\n<p style=\"text-align: justify;\">Inaugurado na gest\u00e3o do ex-prefeito Jos\u00e9 Cherem em fevereiro, o banheiro, segundo fontes ouvidas pela reportagem, funcionou normalmente\u00a0 at\u00e9 o dia 29 do m\u00eas passado, quando deixou de ser limpo diariamente por uma funcion\u00e1ria da prefeitura e depois permanecer fechado.<\/p>\n<p style=\"text-align: justify;\">O banheiro p\u00fablico vem atender uma antiga reivindica\u00e7\u00e3o da popula\u00e7\u00e3o que trafega pelo centro da cidade, mas que n\u00e3o tinha nenhum acesso a um espa\u00e7o como esse. Ele funciona de segunda a sexta-feira, entre 8h e 17h, e no s\u00e1bado entre 8h e 12h.<\/p>\n<p style=\"text-align: justify;\">Antes de ser inaugurado o banheiro, muitos moradores de rua usavam o espa\u00e7o para fazer suas necessidades, o que prejudicava o dono de uma banca de jornal que fica ao lado.<\/p>\n<p style=\"text-align: justify;\">\n","protected":false},"excerpt":{"rendered":"<p>&nbsp; &nbsp; Fechado desde a semana passada, o \u00fanico banheiro p\u00fablico existente no centro de Lavras tem prejudicado dezenas de usu\u00e1rios n\u00f3s \u00faltimos dias. As duas unidades foram instaladas de forma permanente ao lado da Igreja de Nossa Senhora do Ros\u00e1rio. N\u00e3o se trata de um banheiro qu\u00edmico, mas com instala\u00e7\u00f5es sanit\u00e1rias convencionais, sendo a [&hellip;]<\/p>\n","protected":false},"author":7,"featured_media":266782,"comment_status":"closed","ping_status":"closed","sticky":false,"template":"","format":"standard","meta":{"advanced_seo_description":"","jetpack_seo_html_title":"","jetpack_seo_noindex":false,"_jetpack_memberships_contains_paid_content":false,"footnotes":""},"categories":[4],"tags":[],"class_list":["post-266781","post","type-post","status-publish","format-standard","has-post-thumbnail","hentry","category-lavras"],"jetpack_featured_media_url":"https:\/\/i0.wp.com\/www.lavras24horas.com.br\/portal\/wp-content\/uploads\/2021\/04\/IMG_20210406_120058448_HDR-scaled.jpg?fit=2560%2C1920&ssl=1","jetpack_sharing_enabled":true,"jetpack_likes_enabled":true,"jetpack_shortlink":"https:\/\/wp.me\/p12djN-17oV","_links":{"self":[{"href":"https:\/\/www.lavras24horas.com.br\/portal\/wp-json\/wp\/v2\/posts\/266781","targetHints":{"allow":["GET"]}}],"collection":[{"href":"https:\/\/www.lavras24horas.com.br\/portal\/wp-json\/wp\/v2\/posts"}],"about":[{"href":"https:\/\/www.lavras24horas.com.br\/portal\/wp-json\/wp\/v2\/types\/post"}],"author":[{"embeddable":true,"href":"https:\/\/www.lavras24horas.com.br\/portal\/wp-json\/wp\/v2\/users\/7"}],"replies":[{"embeddable":true,"href":"https:\/\/www.lavras24horas.com.br\/portal\/wp-json\/wp\/v2\/comments?post=266781"}],"version-history":[{"count":1,"href":"https:\/\/www.lavras24horas.com.br\/portal\/wp-json\/wp\/v2\/posts\/266781\/revisions"}],"predecessor-version":[{"id":266785,"href":"https:\/\/www.lavras24horas.com.br\/portal\/wp-json\/wp\/v2\/posts\/266781\/revisions\/266785"}],"wp:featuredmedia":[{"embeddable":true,"href":"https:\/\/www.lavras24horas.com.br\/portal\/wp-json\/wp\/v2\/media\/266782"}],"wp:attachment":[{"href":"https:\/\/www.lavras24horas.com.br\/portal\/wp-json\/wp\/v2\/media?parent=266781"}],"wp:term":[{"taxonomy":"category","embeddable":true,"href":"https:\/\/www.lavras24horas.com.br\/portal\/wp-json\/wp\/v2\/categories?post=266781"},{"taxonomy":"post_tag","embeddable":true,"href":"https:\/\/www.lavras24horas.com.br\/portal\/wp-json\/wp\/v2\/tags?post=266781"}],"curies":[{"name":"wp","href":"https:\/\/api.w.org\/{rel}","templated":true}]}}