{"id":263911,"date":"2021-01-12T18:23:00","date_gmt":"2021-01-12T21:23:00","guid":{"rendered":"https:\/\/www.lavras24horas.com.br\/portal\/?p=263911"},"modified":"2021-01-12T18:23:00","modified_gmt":"2021-01-12T21:23:00","slug":"papa-oficializa-o-acesso-das-mulheres-ao-servico-da-palavra-e-do-altar","status":"publish","type":"post","link":"https:\/\/www.lavras24horas.com.br\/portal\/papa-oficializa-o-acesso-das-mulheres-ao-servico-da-palavra-e-do-altar\/","title":{"rendered":"Papa oficializa o acesso das mulheres ao servi\u00e7o da Palavra e do altar"},"content":{"rendered":"<p>&nbsp;<\/p>\n<p>&nbsp;<\/p>\n<p style=\"text-align: justify;\">O Papa Francisco estabeleceu com um motu proprio que os minist\u00e9rios do Leitorado e do Acolitado sejam de agora em diante tamb\u00e9m abertos \u00e0s mulheres, de forma est\u00e1vel e institucionalizada, com um mandato especial.<\/p>\n<p style=\"text-align: justify;\">As mulheres que leem a Palavra de Deus durante as celebra\u00e7\u00f5es lit\u00fargicas ou que servem no altar, como ministrantes ou como dispensadoras da Eucaristia, certamente n\u00e3o s\u00e3o uma novidade: em muitas comunidades ao redor do mundo s\u00e3o atualmente uma pr\u00e1tica autorizada pelos bispos.<\/p>\n<p style=\"text-align: justify;\">At\u00e9 agora, por\u00e9m, tudo isso ocorria sem um verdadeiro e pr\u00f3prio mandato institucional, em derroga\u00e7\u00e3o ao que foi estabelecido por S\u00e3o Paulo VI, que em 1972, ao abolir as chamadas \u201cordens menores\u201d, decidira manter o acesso a esses minist\u00e9rios reservado apenas ao sexo masculino porque os considerava preparat\u00f3rios para o eventual acesso \u00e0 ordem sagrada. Agora o Papa Francisco, seguindo a rota do discernimento que emergiu nos \u00faltimos S\u00ednodos dos Bispos, quis oficializar e institucionalizar esta presen\u00e7a feminina no altar.<\/p>\n<p style=\"text-align: justify;\">Com o motu proprio \u201cSpiritus Domini\u201d, que modifica o primeiro par\u00e1grafo do c\u00e2non 230 do C\u00f3digo de Direito Can\u00f4nico que \u00e9 publicado hoje, o Pont\u00edfice estabelece, portanto, que as mulheres podem ter acesso a esses minist\u00e9rios e que a elas sejam atribu\u00eddos tamb\u00e9m atrav\u00e9s de um ato lit\u00fargico que as institucionalize.<\/p>\n<p style=\"text-align: justify;\">Francisco especifica que desejou aceitar as recomenda\u00e7\u00f5es que surgiram das v\u00e1rias assembleias sinodais, escrevendo que \u201cnos \u00faltimos anos foi alcan\u00e7ado um desenvolvimento doutrin\u00e1rio que destacou que certos minist\u00e9rios institu\u00eddos pela Igreja t\u00eam como fundamento a condi\u00e7\u00e3o comum de batizados e o sacerd\u00f3cio real recebido no sacramento do batismo\u201d. Portanto, o Papa nos convida a reconhecer que estes s\u00e3o minist\u00e9rios leigos \u201cessencialmente distintos do minist\u00e9rio ordenado que \u00e9 recebido com o sacramento da Ordem\u201d.<\/p>\n<p style=\"text-align: justify;\">A nova formula\u00e7\u00e3o do c\u00e2non diz: \u201cOs leigos com idade e dons determinados por decreto da Confer\u00eancia dos Bispos podem ser nomeados em car\u00e1ter permanente, atrav\u00e9s do rito lit\u00fargico estabelecido, para os minist\u00e9rios de leitores e ac\u00f3litos \u201c. Portanto \u00e9 abolida a especifica\u00e7\u00e3o \u201cdo sexo masculino\u201d referente aos leigos e presente no texto do C\u00f3digo at\u00e9 a emenda de hoje.<\/p>\n<p style=\"text-align: justify;\">O motu proprio \u00e9 acompanhado por uma carta dirigida ao Prefeito da Congrega\u00e7\u00e3o para a Doutrina da F\u00e9, Cardeal Luis Ladaria, na qual Francisco explica as raz\u00f5es teol\u00f3gicas de sua escolha. O Papa escreve que \u201cno horizonte de renova\u00e7\u00e3o tra\u00e7ado pelo Conc\u00edlio Vaticano II, h\u00e1 hoje uma urg\u00eancia cada vez maior em redescobrir a co-responsabilidade de todos os batizados na Igreja, e em particular a miss\u00e3o dos leigos\u201d. E citando o documento final do S\u00ednodo para a Amaz\u00f4nia, observa que \u201cpara toda a Igreja, na variedade de situa\u00e7\u00f5es, \u00e9 urgente que os minist\u00e9rios sejam promovidos e conferidos a homens e mulheres\u2026. \u00c9 a Igreja dos batizados que devemos consolidar, promovendo a ministerialidade e, sobretudo, a consci\u00eancia da dignidade batismal\u201d.<\/p>\n<p style=\"text-align: justify;\">Francisco, em sua carta ao cardeal, depois de recordar com as palavras de S\u00e3o Jo\u00e3o Paulo II que \u201ccom rela\u00e7\u00e3o aos minist\u00e9rios ordenados, a Igreja n\u00e3o tem de forma alguma a faculdade de conferir a ordena\u00e7\u00e3o sacerdotal \u00e0s mulheres\u201d, acrescenta que \u201cpara minist\u00e9rios n\u00e3o ordenados \u00e9 poss\u00edvel, e hoje parece oportuno, superar esta reserva\u201d.<\/p>\n<p style=\"text-align: justify;\">O Papa explica que \u201coferecer aos leigos de ambos os sexos a possibilidade de acesso ao minist\u00e9rio do Acolitado e do Leitorado, em virtude de sua participa\u00e7\u00e3o no sacerd\u00f3cio batismal, aumentar\u00e1 o reconhecimento, tamb\u00e9m atrav\u00e9s de um ato lit\u00fargico (institui\u00e7\u00e3o), da preciosa contribui\u00e7\u00e3o que durante muito tempo muitos leigos, inclusive mulheres, oferecem \u00e0 vida e \u00e0 miss\u00e3o da Igreja\u201d. E conclui que \u201ca escolha de conferir tamb\u00e9m \u00e0s mulheres estes cargos, que envolvem estabilidade, reconhecimento p\u00fablico e um mandato do bispo, torna mais eficaz na Igreja a participa\u00e7\u00e3o de todos na obra de evangeliza\u00e7\u00e3o\u201d.<\/p>\n<p style=\"text-align: justify;\">Esta medida \u00e9 a conclus\u00e3o de um aprofundamento da reflex\u00e3o teol\u00f3gica sobre estes minist\u00e9rios. A teologia p\u00f3s-conciliar redescobriu, de fato, a relev\u00e2ncia do Leitorado e do Acolitado, n\u00e3o somente em rela\u00e7\u00e3o ao sacerd\u00f3cio ordenado, mas tamb\u00e9m e sobretudo em refer\u00eancia ao sacerd\u00f3cio batismal. Estes minist\u00e9rios fazem parte da din\u00e2mica de colabora\u00e7\u00e3o rec\u00edproca que existe entre os dois sacerd\u00f3cios, e t\u00eam destacado cada vez mais seu car\u00e1ter particularmente \u201claico\u201d, ligado ao exerc\u00edcio do sacerd\u00f3cio que pertence a todos os batizados como tais.<\/p>\n<p style=\"text-align: justify;\"><em><strong>Fonte:\u00a0vaticannews.va<\/strong><\/em><\/p>\n","protected":false},"excerpt":{"rendered":"<p>&nbsp; &nbsp; O Papa Francisco estabeleceu com um motu proprio que os minist\u00e9rios do Leitorado e do Acolitado sejam de agora em diante tamb\u00e9m abertos \u00e0s mulheres, de forma est\u00e1vel e institucionalizada, com um mandato especial. As mulheres que leem a Palavra de Deus durante as celebra\u00e7\u00f5es lit\u00fargicas ou que servem no altar, como ministrantes [&hellip;]<\/p>\n","protected":false},"author":7,"featured_media":263912,"comment_status":"closed","ping_status":"closed","sticky":false,"template":"","format":"standard","meta":{"advanced_seo_description":"","jetpack_seo_html_title":"","jetpack_seo_noindex":false,"_jetpack_memberships_contains_paid_content":false,"footnotes":""},"categories":[14,4],"tags":[],"class_list":["post-263911","post","type-post","status-publish","format-standard","has-post-thumbnail","hentry","category-destaques-2","category-lavras"],"jetpack_featured_media_url":"https:\/\/i0.wp.com\/www.lavras24horas.com.br\/portal\/wp-content\/uploads\/2021\/01\/129723189_832335877556221_1422082218268650829_o-696x464-1.jpg?fit=696%2C464&ssl=1","jetpack_sharing_enabled":true,"jetpack_likes_enabled":true,"jetpack_shortlink":"https:\/\/wp.me\/p12djN-16ED","_links":{"self":[{"href":"https:\/\/www.lavras24horas.com.br\/portal\/wp-json\/wp\/v2\/posts\/263911","targetHints":{"allow":["GET"]}}],"collection":[{"href":"https:\/\/www.lavras24horas.com.br\/portal\/wp-json\/wp\/v2\/posts"}],"about":[{"href":"https:\/\/www.lavras24horas.com.br\/portal\/wp-json\/wp\/v2\/types\/post"}],"author":[{"embeddable":true,"href":"https:\/\/www.lavras24horas.com.br\/portal\/wp-json\/wp\/v2\/users\/7"}],"replies":[{"embeddable":true,"href":"https:\/\/www.lavras24horas.com.br\/portal\/wp-json\/wp\/v2\/comments?post=263911"}],"version-history":[{"count":1,"href":"https:\/\/www.lavras24horas.com.br\/portal\/wp-json\/wp\/v2\/posts\/263911\/revisions"}],"predecessor-version":[{"id":263913,"href":"https:\/\/www.lavras24horas.com.br\/portal\/wp-json\/wp\/v2\/posts\/263911\/revisions\/263913"}],"wp:featuredmedia":[{"embeddable":true,"href":"https:\/\/www.lavras24horas.com.br\/portal\/wp-json\/wp\/v2\/media\/263912"}],"wp:attachment":[{"href":"https:\/\/www.lavras24horas.com.br\/portal\/wp-json\/wp\/v2\/media?parent=263911"}],"wp:term":[{"taxonomy":"category","embeddable":true,"href":"https:\/\/www.lavras24horas.com.br\/portal\/wp-json\/wp\/v2\/categories?post=263911"},{"taxonomy":"post_tag","embeddable":true,"href":"https:\/\/www.lavras24horas.com.br\/portal\/wp-json\/wp\/v2\/tags?post=263911"}],"curies":[{"name":"wp","href":"https:\/\/api.w.org\/{rel}","templated":true}]}}