{"id":262100,"date":"2020-11-20T15:25:18","date_gmt":"2020-11-20T18:25:18","guid":{"rendered":"https:\/\/www.lavras24horas.com.br\/portal\/?p=262100"},"modified":"2020-11-20T15:25:18","modified_gmt":"2020-11-20T18:25:18","slug":"concluida-a-reforma-dos-banheiros-do-mercado-municipal","status":"publish","type":"post","link":"https:\/\/www.lavras24horas.com.br\/portal\/concluida-a-reforma-dos-banheiros-do-mercado-municipal\/","title":{"rendered":"Conclu\u00edda a reforma dos banheiros do Mercado Municipal"},"content":{"rendered":"<div dir=\"auto\"><\/div>\n<div dir=\"auto\"><\/div>\n<div class=\"kvgmc6g5 cxmmr5t8 oygrvhab hcukyx3x c1et5uql ii04i59q\">\n<div dir=\"auto\" style=\"text-align: justify;\">O Governo de Lavras, atrav\u00e9s da Secretaria Municipal de Obras, concluiu a reforma total dos banheiros do Mercado Municipal, antiga reivindica\u00e7\u00e3o tanto de usu\u00e1rios quanto dos lojistas que mant\u00e9m seus neg\u00f3cios no local. Os banheiros ganharam pisos e azulejos, vasos e mict\u00f3rios novos, pias de ard\u00f3sia, espelhos, portas de alum\u00ednio nos sanit\u00e1rios, al\u00e9m de revis\u00e3o hidr\u00e1ulica e el\u00e9trica.<\/div>\n<div dir=\"auto\"><\/div>\n<div dir=\"auto\"><img data-recalc-dims=\"1\" fetchpriority=\"high\" decoding=\"async\" data-attachment-id=\"262102\" data-permalink=\"https:\/\/www.lavras24horas.com.br\/portal\/concluida-a-reforma-dos-banheiros-do-mercado-municipal\/126616609_1321338364894651_5087461340893192406_n\/\" data-orig-file=\"https:\/\/i0.wp.com\/www.lavras24horas.com.br\/portal\/wp-content\/uploads\/2020\/11\/126616609_1321338364894651_5087461340893192406_n.jpg?fit=960%2C720&amp;ssl=1\" data-orig-size=\"960,720\" data-comments-opened=\"0\" data-image-meta=\"{&quot;aperture&quot;:&quot;0&quot;,&quot;credit&quot;:&quot;&quot;,&quot;camera&quot;:&quot;&quot;,&quot;caption&quot;:&quot;&quot;,&quot;created_timestamp&quot;:&quot;0&quot;,&quot;copyright&quot;:&quot;&quot;,&quot;focal_length&quot;:&quot;0&quot;,&quot;iso&quot;:&quot;0&quot;,&quot;shutter_speed&quot;:&quot;0&quot;,&quot;title&quot;:&quot;&quot;,&quot;orientation&quot;:&quot;0&quot;}\" data-image-title=\"126616609_1321338364894651_5087461340893192406_n\" data-image-description=\"\" data-image-caption=\"\" data-large-file=\"https:\/\/i0.wp.com\/www.lavras24horas.com.br\/portal\/wp-content\/uploads\/2020\/11\/126616609_1321338364894651_5087461340893192406_n.jpg?fit=440%2C330&amp;ssl=1\" class=\"alignnone size-full wp-image-262102\" src=\"https:\/\/i0.wp.com\/www.lavras24horas.com.br\/portal\/wp-content\/uploads\/2020\/11\/126616609_1321338364894651_5087461340893192406_n.jpg?resize=800%2C600&#038;ssl=1\" alt=\"\" width=\"800\" height=\"600\" srcset=\"https:\/\/i0.wp.com\/www.lavras24horas.com.br\/portal\/wp-content\/uploads\/2020\/11\/126616609_1321338364894651_5087461340893192406_n.jpg?w=960&amp;ssl=1 960w, https:\/\/i0.wp.com\/www.lavras24horas.com.br\/portal\/wp-content\/uploads\/2020\/11\/126616609_1321338364894651_5087461340893192406_n.jpg?resize=440%2C330&amp;ssl=1 440w, https:\/\/i0.wp.com\/www.lavras24horas.com.br\/portal\/wp-content\/uploads\/2020\/11\/126616609_1321338364894651_5087461340893192406_n.jpg?resize=768%2C576&amp;ssl=1 768w\" sizes=\"(max-width: 800px) 100vw, 800px\" \/><\/div>\n<div dir=\"auto\"><\/div>\n<\/div>\n<div class=\"o9v6fnle cxmmr5t8 oygrvhab hcukyx3x c1et5uql ii04i59q\">\n<div dir=\"auto\" style=\"text-align: justify;\">* Diretoria de Comunica\u00e7\u00e3o Social<\/div>\n<\/div>\n","protected":false},"excerpt":{"rendered":"<p>O Governo de Lavras, atrav\u00e9s da Secretaria Municipal de Obras, concluiu a reforma total dos banheiros do Mercado Municipal, antiga reivindica\u00e7\u00e3o tanto de usu\u00e1rios quanto dos lojistas que mant\u00e9m seus neg\u00f3cios no local. Os banheiros ganharam pisos e azulejos, vasos e mict\u00f3rios novos, pias de ard\u00f3sia, espelhos, portas de alum\u00ednio nos sanit\u00e1rios, al\u00e9m de revis\u00e3o [&hellip;]<\/p>\n","protected":false},"author":7,"featured_media":262101,"comment_status":"closed","ping_status":"closed","sticky":false,"template":"","format":"standard","meta":{"advanced_seo_description":"","jetpack_seo_html_title":"","jetpack_seo_noindex":false,"_jetpack_memberships_contains_paid_content":false,"footnotes":""},"categories":[13,4],"tags":[],"class_list":["post-262100","post","type-post","status-publish","format-standard","has-post-thumbnail","hentry","category-laterais-1","category-lavras"],"jetpack_featured_media_url":"https:\/\/i0.wp.com\/www.lavras24horas.com.br\/portal\/wp-content\/uploads\/2020\/11\/126901100_1321338321561322_8013847730387796875_n.jpg?fit=960%2C720&ssl=1","jetpack_sharing_enabled":true,"jetpack_likes_enabled":true,"jetpack_shortlink":"https:\/\/wp.me\/p12djN-16bq","_links":{"self":[{"href":"https:\/\/www.lavras24horas.com.br\/portal\/wp-json\/wp\/v2\/posts\/262100","targetHints":{"allow":["GET"]}}],"collection":[{"href":"https:\/\/www.lavras24horas.com.br\/portal\/wp-json\/wp\/v2\/posts"}],"about":[{"href":"https:\/\/www.lavras24horas.com.br\/portal\/wp-json\/wp\/v2\/types\/post"}],"author":[{"embeddable":true,"href":"https:\/\/www.lavras24horas.com.br\/portal\/wp-json\/wp\/v2\/users\/7"}],"replies":[{"embeddable":true,"href":"https:\/\/www.lavras24horas.com.br\/portal\/wp-json\/wp\/v2\/comments?post=262100"}],"version-history":[{"count":1,"href":"https:\/\/www.lavras24horas.com.br\/portal\/wp-json\/wp\/v2\/posts\/262100\/revisions"}],"predecessor-version":[{"id":262103,"href":"https:\/\/www.lavras24horas.com.br\/portal\/wp-json\/wp\/v2\/posts\/262100\/revisions\/262103"}],"wp:featuredmedia":[{"embeddable":true,"href":"https:\/\/www.lavras24horas.com.br\/portal\/wp-json\/wp\/v2\/media\/262101"}],"wp:attachment":[{"href":"https:\/\/www.lavras24horas.com.br\/portal\/wp-json\/wp\/v2\/media?parent=262100"}],"wp:term":[{"taxonomy":"category","embeddable":true,"href":"https:\/\/www.lavras24horas.com.br\/portal\/wp-json\/wp\/v2\/categories?post=262100"},{"taxonomy":"post_tag","embeddable":true,"href":"https:\/\/www.lavras24horas.com.br\/portal\/wp-json\/wp\/v2\/tags?post=262100"}],"curies":[{"name":"wp","href":"https:\/\/api.w.org\/{rel}","templated":true}]}}