{"id":261687,"date":"2020-11-12T06:25:43","date_gmt":"2020-11-12T09:25:43","guid":{"rendered":"https:\/\/www.lavras24horas.com.br\/portal\/?p=261687"},"modified":"2022-09-21T15:47:41","modified_gmt":"2022-09-21T18:47:41","slug":"ator-e-cantor-lavrense-lanca-clipe-e-bomba-na-internet","status":"publish","type":"post","link":"https:\/\/www.lavras24horas.com.br\/portal\/ator-e-cantor-lavrense-lanca-clipe-e-bomba-na-internet\/","title":{"rendered":"Ator e cantor lavrense lan\u00e7a clipe e bomba na Internet"},"content":{"rendered":"<p>&nbsp;<\/p>\n<p>&nbsp;<\/p>\n<p style=\"text-align: justify;\">O ator e modelo lavrense Walisson Alves, 27 anos, lan\u00e7ou recentemente um novo single. A can\u00e7\u00e3o \u201cSome\u201d tem participa\u00e7\u00e3o do rapper carioca David Vinny. De autoria da dupla <strong>(foto<\/strong>), a m\u00fasica ganhou um videoclipe que j\u00e1 alcan\u00e7ou mais de 10 mil visualiza\u00e7\u00f5es no Youtube (<strong>veja abaixo).<\/strong><\/p>\n<p style=\"text-align: justify;\">O \u00faltimo trabalho de Walisson Alves como ator foi na novela \u201cSegundo Sol\u201d (2018), da Rede Globo de Televis\u00e3o, onde atuava como personagem Ricardo. A trama foi escrita pelo novelista Jo\u00e3o Emanuel Carneiro. Ele j\u00e1 participou da Semana de Moda de S\u00e3o Paulo, tendo atuado como figurante nas novelas \u201cA Regra do Jogo\u201d e \u201cTotalmente Demais\u201d, al\u00e9m das s\u00e9ries \u201cMalha\u00e7\u00e3o\u201d e \u201cMr. Brau\u201d.<\/p>\n<p><img data-recalc-dims=\"1\" fetchpriority=\"high\" decoding=\"async\" data-attachment-id=\"261689\" data-permalink=\"https:\/\/www.lavras24horas.com.br\/portal\/ator-e-cantor-lavrense-lanca-clipe-e-bomba-na-internet\/19600662-3467-42d2-8df4-adaff168f09c\/\" data-orig-file=\"https:\/\/i0.wp.com\/www.lavras24horas.com.br\/portal\/wp-content\/uploads\/2020\/11\/19600662-3467-42d2-8df4-adaff168f09c.jpg?fit=1600%2C1600&amp;ssl=1\" data-orig-size=\"1600,1600\" data-comments-opened=\"0\" data-image-meta=\"{&quot;aperture&quot;:&quot;0&quot;,&quot;credit&quot;:&quot;&quot;,&quot;camera&quot;:&quot;&quot;,&quot;caption&quot;:&quot;&quot;,&quot;created_timestamp&quot;:&quot;0&quot;,&quot;copyright&quot;:&quot;&quot;,&quot;focal_length&quot;:&quot;0&quot;,&quot;iso&quot;:&quot;0&quot;,&quot;shutter_speed&quot;:&quot;0&quot;,&quot;title&quot;:&quot;&quot;,&quot;orientation&quot;:&quot;0&quot;}\" data-image-title=\"19600662-3467-42d2-8df4-adaff168f09c\" data-image-description=\"\" data-image-caption=\"\" data-large-file=\"https:\/\/i0.wp.com\/www.lavras24horas.com.br\/portal\/wp-content\/uploads\/2020\/11\/19600662-3467-42d2-8df4-adaff168f09c.jpg?fit=330%2C330&amp;ssl=1\" class=\"size-full wp-image-261689 aligncenter\" src=\"https:\/\/i0.wp.com\/www.lavras24horas.com.br\/portal\/wp-content\/uploads\/2020\/11\/19600662-3467-42d2-8df4-adaff168f09c.jpg?resize=800%2C800&#038;ssl=1\" alt=\"\" width=\"800\" height=\"800\" srcset=\"https:\/\/i0.wp.com\/www.lavras24horas.com.br\/portal\/wp-content\/uploads\/2020\/11\/19600662-3467-42d2-8df4-adaff168f09c.jpg?w=1600&amp;ssl=1 1600w, https:\/\/i0.wp.com\/www.lavras24horas.com.br\/portal\/wp-content\/uploads\/2020\/11\/19600662-3467-42d2-8df4-adaff168f09c.jpg?resize=330%2C330&amp;ssl=1 330w, https:\/\/i0.wp.com\/www.lavras24horas.com.br\/portal\/wp-content\/uploads\/2020\/11\/19600662-3467-42d2-8df4-adaff168f09c.jpg?resize=768%2C768&amp;ssl=1 768w, https:\/\/i0.wp.com\/www.lavras24horas.com.br\/portal\/wp-content\/uploads\/2020\/11\/19600662-3467-42d2-8df4-adaff168f09c.jpg?resize=1536%2C1536&amp;ssl=1 1536w\" sizes=\"(max-width: 800px) 100vw, 800px\" \/><\/p>\n<p style=\"text-align: justify;\">Walisson Alves j\u00e1 havia lan\u00e7ado o single \u201cQueria te Dizer\u201d, que integra o \u00e1lbum \u201c22:22\u201d, nas plataformas digitais no ano passado. A can\u00e7\u00e3o foi divulgada pela primeira vez no Festival de M\u00fasica da Universidade Federal do Rio de janeiro (UFRJ). Walisson Alves est\u00e1 radicado no Rio de Janeiro h\u00e1 tr\u00eas anos.<\/p>\n<p><span class=\"embed-youtube\" style=\"text-align:center; display: block;\"><iframe class=\"youtube-player lazyload\" width=\"800\" height=\"450\" data-src=\"https:\/\/www.youtube.com\/embed\/hM1pl8jDF1U?version=3&#038;rel=1&#038;showsearch=0&#038;showinfo=1&#038;iv_load_policy=1&#038;fs=1&#038;hl=pt-BR&#038;autohide=2&#038;wmode=transparent\" allowfullscreen=\"true\" style=\"border:0;\" sandbox=\"allow-scripts allow-same-origin allow-popups allow-presentation allow-popups-to-escape-sandbox\" src=\"data:image\/svg+xml;base64,PHN2ZyB3aWR0aD0iMSIgaGVpZ2h0PSIxIiB4bWxucz0iaHR0cDovL3d3dy53My5vcmcvMjAwMC9zdmciPjwvc3ZnPg==\" data-load-mode=\"1\"><\/iframe><\/span><\/p>\n<p style=\"text-align: justify;\">Segundo o artista, as suas influ\u00eancias musicais passam por Michael Jackson e o cantor e sambista P\u00e9ricles. O lavrense integra o selo LGK Music, fundado por L\u00edder Gadelha, pai da cantora Lu\u00edza Possi. A cantora Aline barros tamb\u00e9m faz parte do o elenco da mesma gravadora.<\/p>\n<p style=\"text-align: justify;\">\n","protected":false},"excerpt":{"rendered":"<p>&nbsp; &nbsp; O ator e modelo lavrense Walisson Alves, 27 anos, lan\u00e7ou recentemente um novo single. A can\u00e7\u00e3o \u201cSome\u201d tem participa\u00e7\u00e3o do rapper carioca David Vinny. De autoria da dupla (foto), a m\u00fasica ganhou um videoclipe que j\u00e1 alcan\u00e7ou mais de 10 mil visualiza\u00e7\u00f5es no Youtube (veja abaixo). O \u00faltimo trabalho de Walisson Alves como [&hellip;]<\/p>\n","protected":false},"author":7,"featured_media":261715,"comment_status":"closed","ping_status":"closed","sticky":false,"template":"","format":"standard","meta":{"advanced_seo_description":"","jetpack_seo_html_title":"","jetpack_seo_noindex":false,"_jetpack_memberships_contains_paid_content":false,"footnotes":""},"categories":[4],"tags":[],"class_list":["post-261687","post","type-post","status-publish","format-standard","has-post-thumbnail","hentry","category-lavras"],"jetpack_featured_media_url":"https:\/\/i0.wp.com\/www.lavras24horas.com.br\/portal\/wp-content\/uploads\/2020\/11\/IMG-20201112-WA0007_9259.jpg?fit=1062%2C778&ssl=1","jetpack_sharing_enabled":true,"jetpack_likes_enabled":true,"jetpack_shortlink":"https:\/\/wp.me\/p12djN-164L","_links":{"self":[{"href":"https:\/\/www.lavras24horas.com.br\/portal\/wp-json\/wp\/v2\/posts\/261687","targetHints":{"allow":["GET"]}}],"collection":[{"href":"https:\/\/www.lavras24horas.com.br\/portal\/wp-json\/wp\/v2\/posts"}],"about":[{"href":"https:\/\/www.lavras24horas.com.br\/portal\/wp-json\/wp\/v2\/types\/post"}],"author":[{"embeddable":true,"href":"https:\/\/www.lavras24horas.com.br\/portal\/wp-json\/wp\/v2\/users\/7"}],"replies":[{"embeddable":true,"href":"https:\/\/www.lavras24horas.com.br\/portal\/wp-json\/wp\/v2\/comments?post=261687"}],"version-history":[{"count":4,"href":"https:\/\/www.lavras24horas.com.br\/portal\/wp-json\/wp\/v2\/posts\/261687\/revisions"}],"predecessor-version":[{"id":283309,"href":"https:\/\/www.lavras24horas.com.br\/portal\/wp-json\/wp\/v2\/posts\/261687\/revisions\/283309"}],"wp:featuredmedia":[{"embeddable":true,"href":"https:\/\/www.lavras24horas.com.br\/portal\/wp-json\/wp\/v2\/media\/261715"}],"wp:attachment":[{"href":"https:\/\/www.lavras24horas.com.br\/portal\/wp-json\/wp\/v2\/media?parent=261687"}],"wp:term":[{"taxonomy":"category","embeddable":true,"href":"https:\/\/www.lavras24horas.com.br\/portal\/wp-json\/wp\/v2\/categories?post=261687"},{"taxonomy":"post_tag","embeddable":true,"href":"https:\/\/www.lavras24horas.com.br\/portal\/wp-json\/wp\/v2\/tags?post=261687"}],"curies":[{"name":"wp","href":"https:\/\/api.w.org\/{rel}","templated":true}]}}