{"id":256096,"date":"2020-05-28T07:00:59","date_gmt":"2020-05-28T10:00:59","guid":{"rendered":"https:\/\/www.lavras24horas.com.br\/portal\/?p=256096"},"modified":"2020-05-27T18:50:21","modified_gmt":"2020-05-27T21:50:21","slug":"pandemia-gera-fechamento-de-restaurantes-e-academias-em-lavras","status":"publish","type":"post","link":"https:\/\/www.lavras24horas.com.br\/portal\/pandemia-gera-fechamento-de-restaurantes-e-academias-em-lavras\/","title":{"rendered":"Pandemia gera fechamento de restaurantes e academias em Lavras"},"content":{"rendered":"<p>&nbsp;<\/p>\n<p style=\"text-align: justify;\">Passado mais de dois meses do in\u00edcio da pandemia provocada pelo novo coronav\u00edrus, o setor do com\u00e9rcio varejista, o principal pilar da economia lavrense, come\u00e7ou a sentir os efeitos negativos provocados pela crise gerada pela doen\u00e7a.<\/p>\n<p style=\"text-align: justify;\">Para muitos empres\u00e1rios da cidade, a fatura chegou em forma de \u00a0preju\u00edzo. Dois dos setores mais afetados foram as academias e os restaurantes. Alguns empres\u00e1rios dos setores decidiram pela suspens\u00e3o tempor\u00e1ria dos servi\u00e7os ou mesmo pelo encerramento definitivo de suas atividades.<\/p>\n<p style=\"text-align: justify;\">O chamado \u201cefeito domin\u00f3\u201d tende a aumentar desta maneira o desemprego na cidade. O que cresceu tamb\u00e9m foram os acordos firmados entre empres\u00e1rios e o setor imobili\u00e1rio a fim de diminuir valores de alugu\u00e9is de im\u00f3veis comerciais durante a crise.<\/p>\n<p style=\"text-align: justify;\">De acordo com a C\u00e2mara dos Dirigentes Lojistas (CDL), tr\u00eas academias encerraram suas atividades no munic\u00edpio por conta da pandemia. No entanto, dada a quantidade de empresas deste segmento na cidade, esse n\u00famero tende a crescer com o prolongamento do per\u00edodo de quarentena.<\/p>\n<p style=\"text-align: justify;\">Isso se aplica tamb\u00e9m aos donos de restaurantes que viram o movimento de clientes diminuir at\u00e9 80% devido \u00e0s medidas impostas pelas autoridades sanit\u00e1rias a fim de prevenir o cont\u00e1gio da Covid-19. Em face dos altos encargos administrativos, alguns deles preferiram baixar as portas definitivamente a fim de evitar maiores preju\u00edzos.<\/p>\n<p style=\"text-align: justify;\">A maioria dos estabelecimentos apostou no servi\u00e7o delivery, mas a iniciativa, para alguns, impediu que as contas fechassem no final do m\u00eas. Nem mesmo a reabertura dos restaurantes com a permiss\u00e3o da presen\u00e7a de consumidores nos locais, com regras a serem seguidas pelos empres\u00e1rios, conseguiu reaquecer as vendas do setor.<\/p>\n<p style=\"text-align: justify;\">A dire\u00e7\u00e3o de um dos mais tradicionais restaurantes da cidade, o Picles, j\u00e1 pensa em suspender suas atividades por tempo indeterminado por conta dos efeitos negativos da pandemia. Um momento dif\u00edcil para uma marca conceituada que est\u00e1 no mercado de comida self-service h\u00e1 17 anos.\u00a0Luciano Alves, gerente do restaurante, afirma que a epidemia fez com que empresas e funcion\u00e1rios do setor fossem os mais penalizados pelas regras de isolamento social.<\/p>\n<p style=\"text-align: justify;\">O vice-presidente da C\u00e2mara dos Dirigentes de Lavras (CDL), o advogado Dr. William Natividade, aprovou as regras de isolamento social e as medidas sanit\u00e1rias impostas pelos \u00f3rg\u00e3os competentes para o funcionamento das lojas e servi\u00e7os, mas defendeu que o com\u00e9rcio varejista precisa voltar a cumprir o seu hor\u00e1rio normal de funcionamento. Para ele, essa medida tende a garantir uma maior retomada da economia local a m\u00e9dio prazo.<\/p>\n<p style=\"text-align: justify;\">\n","protected":false},"excerpt":{"rendered":"<p>&nbsp; Passado mais de dois meses do in\u00edcio da pandemia provocada pelo novo coronav\u00edrus, o setor do com\u00e9rcio varejista, o principal pilar da economia lavrense, come\u00e7ou a sentir os efeitos negativos provocados pela crise gerada pela doen\u00e7a. Para muitos empres\u00e1rios da cidade, a fatura chegou em forma de \u00a0preju\u00edzo. Dois dos setores mais afetados foram [&hellip;]<\/p>\n","protected":false},"author":7,"featured_media":256097,"comment_status":"closed","ping_status":"closed","sticky":false,"template":"","format":"standard","meta":{"advanced_seo_description":"","jetpack_seo_html_title":"","jetpack_seo_noindex":false,"_jetpack_memberships_contains_paid_content":false,"footnotes":""},"categories":[12,4],"tags":[],"class_list":["post-256096","post","type-post","status-publish","format-standard","has-post-thumbnail","hentry","category-destaques-1","category-lavras"],"jetpack_featured_media_url":"https:\/\/i0.wp.com\/www.lavras24horas.com.br\/portal\/wp-content\/uploads\/2020\/05\/11_50_07_966_file.jpeg?fit=700%2C435&ssl=1","jetpack_sharing_enabled":true,"jetpack_likes_enabled":true,"jetpack_shortlink":"https:\/\/wp.me\/p12djN-14CA","_links":{"self":[{"href":"https:\/\/www.lavras24horas.com.br\/portal\/wp-json\/wp\/v2\/posts\/256096","targetHints":{"allow":["GET"]}}],"collection":[{"href":"https:\/\/www.lavras24horas.com.br\/portal\/wp-json\/wp\/v2\/posts"}],"about":[{"href":"https:\/\/www.lavras24horas.com.br\/portal\/wp-json\/wp\/v2\/types\/post"}],"author":[{"embeddable":true,"href":"https:\/\/www.lavras24horas.com.br\/portal\/wp-json\/wp\/v2\/users\/7"}],"replies":[{"embeddable":true,"href":"https:\/\/www.lavras24horas.com.br\/portal\/wp-json\/wp\/v2\/comments?post=256096"}],"version-history":[{"count":1,"href":"https:\/\/www.lavras24horas.com.br\/portal\/wp-json\/wp\/v2\/posts\/256096\/revisions"}],"predecessor-version":[{"id":256098,"href":"https:\/\/www.lavras24horas.com.br\/portal\/wp-json\/wp\/v2\/posts\/256096\/revisions\/256098"}],"wp:featuredmedia":[{"embeddable":true,"href":"https:\/\/www.lavras24horas.com.br\/portal\/wp-json\/wp\/v2\/media\/256097"}],"wp:attachment":[{"href":"https:\/\/www.lavras24horas.com.br\/portal\/wp-json\/wp\/v2\/media?parent=256096"}],"wp:term":[{"taxonomy":"category","embeddable":true,"href":"https:\/\/www.lavras24horas.com.br\/portal\/wp-json\/wp\/v2\/categories?post=256096"},{"taxonomy":"post_tag","embeddable":true,"href":"https:\/\/www.lavras24horas.com.br\/portal\/wp-json\/wp\/v2\/tags?post=256096"}],"curies":[{"name":"wp","href":"https:\/\/api.w.org\/{rel}","templated":true}]}}