{"id":255950,"date":"2020-05-22T07:00:02","date_gmt":"2020-05-22T10:00:02","guid":{"rendered":"https:\/\/www.lavras24horas.com.br\/portal\/?p=255950"},"modified":"2020-05-21T16:56:58","modified_gmt":"2020-05-21T19:56:58","slug":"editora-ufla-lanca-livro-em-comemoracao-aos-25-anos-de-transformacao-da-esal-em-ufla","status":"publish","type":"post","link":"https:\/\/www.lavras24horas.com.br\/portal\/editora-ufla-lanca-livro-em-comemoracao-aos-25-anos-de-transformacao-da-esal-em-ufla\/","title":{"rendered":"Editora UFLA lan\u00e7a livro em comemora\u00e7\u00e3o aos 25 anos de transforma\u00e7\u00e3o da ESAL em UFLA"},"content":{"rendered":"<p>&nbsp;<\/p>\n<p>&nbsp;<\/p>\n<p style=\"text-align: justify;\">A Editora UFLA est\u00e1 lan\u00e7ando o livro \u201cUFLA \u2013 25 anos de Universidade, trajet\u00f3ria centen\u00e1ria\u201d, em comemora\u00e7\u00e3o aos 25 anos de transforma\u00e7\u00e3o da Escola Superior Agr\u00edcola de Lavras (ESAL) em Universidade Federal de Lavras (UFLA). O livro \u00e9 a segunda edi\u00e7\u00e3o, revista e ampliada, do que foi lan\u00e7ado nas comemora\u00e7\u00f5es do centen\u00e1rio institucional, em 2008, com o t\u00edtulo \u201cUFLA 100 anos: Transformando sonhos em realidade\u201d. A publica\u00e7\u00e3o reconta a hist\u00f3ria da Institui\u00e7\u00e3o a partir de seus cursos e de milhares de estudantes e servidores que, com sua dedica\u00e7\u00e3o, ajudaram a construir, dia a dia, esse percurso centen\u00e1rio.<\/p>\n<p style=\"text-align: justify;\">Nos anos que separam as duas edi\u00e7\u00f5es, a UFLA praticamente duplicou seus n\u00fameros, justificando a necessidade de uma nova edi\u00e7\u00e3o. \u201cEm 100 anos, 9.795 estudantes se formaram na Institui\u00e7\u00e3o; considerando os formados no segundo semestre de 2019, j\u00e1 passamos de 10 mil nos \u00faltimos 11 anos\u201d, enfatiza, no pref\u00e1cio, o ent\u00e3o reitor da UFLA, professor Jos\u00e9 Roberto Soares Scolforo. O crescimento do n\u00famero de estudantes foi acompanhado pela expans\u00e3o de recursos humanos e infraestrutura. \u201cNos \u00faltimos 12 anos, o n\u00famero de docentes passou de 361 para 770 e de t\u00e9cnicos administrativos, de 325 para 561; saltamos de cerca de 600 para 1.600 funcion\u00e1rios, considerando os terceirizados\u201d, destaca, ainda.<\/p>\n<p style=\"text-align: justify;\">\u201cPor tr\u00e1s de tantos n\u00fameros, h\u00e1 hist\u00f3rias individuais de transforma\u00e7\u00e3o, supera\u00e7\u00e3o e realiza\u00e7\u00e3o de sonhos. A impossibilidade de contar, com os merecidos detalhes, cada uma dessas hist\u00f3rias pessoais \u00e9 que motivou este livro\u201d, acrescenta Scolforo. A publica\u00e7\u00e3o inclui o registro dos nomes das pessoas que passaram pela Institui\u00e7\u00e3o, desde a sua funda\u00e7\u00e3o at\u00e9 o final do primeiro semestre de 2019; rende, assim, uma homenagem a todos que deixaram sua contribui\u00e7\u00e3o para transformar a UFLA em uma universidade de excel\u00eancia, reconhecida e respeitada no Brasil e no mundo.<\/p>\n<p style=\"text-align: justify;\">A elabora\u00e7\u00e3o da obra contou com a participa\u00e7\u00e3o de muitos colaboradores institucionais. Da reitoria, passando pelas pr\u00f3-reitorias, diretoria de comunica\u00e7\u00e3o, coordena\u00e7\u00f5es de curso e muitos outros setores institucionais, foram incont\u00e1veis as contribui\u00e7\u00f5es que tornaram poss\u00edvel sua concretiza\u00e7\u00e3o.<\/p>\n<p style=\"text-align: justify;\">Neste per\u00edodo de distanciamento social, as encomendas do livro podem ser realizadas pelo e-mail\u00a0<span id=\"cloakb0d9172643223065c79ed8147b589780\"><a href=\"mailto:vendas@editora.ufla.br\">vendas.editora@ufla.br<\/a><\/span>. O pre\u00e7o \u00e9 R$ 65.<\/p>\n<p style=\"text-align: justify;\">\n","protected":false},"excerpt":{"rendered":"<p>&nbsp; &nbsp; A Editora UFLA est\u00e1 lan\u00e7ando o livro \u201cUFLA \u2013 25 anos de Universidade, trajet\u00f3ria centen\u00e1ria\u201d, em comemora\u00e7\u00e3o aos 25 anos de transforma\u00e7\u00e3o da Escola Superior Agr\u00edcola de Lavras (ESAL) em Universidade Federal de Lavras (UFLA). O livro \u00e9 a segunda edi\u00e7\u00e3o, revista e ampliada, do que foi lan\u00e7ado nas comemora\u00e7\u00f5es do centen\u00e1rio institucional, [&hellip;]<\/p>\n","protected":false},"author":7,"featured_media":255951,"comment_status":"closed","ping_status":"closed","sticky":false,"template":"","format":"standard","meta":{"advanced_seo_description":"","jetpack_seo_html_title":"","jetpack_seo_noindex":false,"_jetpack_memberships_contains_paid_content":false,"footnotes":""},"categories":[13077,4],"tags":[],"class_list":["post-255950","post","type-post","status-publish","format-standard","has-post-thumbnail","hentry","category-laterais-2","category-lavras"],"jetpack_featured_media_url":"https:\/\/i0.wp.com\/www.lavras24horas.com.br\/portal\/wp-content\/uploads\/2020\/05\/livro2.jpg?fit=1040%2C780&ssl=1","jetpack_sharing_enabled":true,"jetpack_likes_enabled":true,"jetpack_shortlink":"https:\/\/wp.me\/p12djN-14Ae","_links":{"self":[{"href":"https:\/\/www.lavras24horas.com.br\/portal\/wp-json\/wp\/v2\/posts\/255950","targetHints":{"allow":["GET"]}}],"collection":[{"href":"https:\/\/www.lavras24horas.com.br\/portal\/wp-json\/wp\/v2\/posts"}],"about":[{"href":"https:\/\/www.lavras24horas.com.br\/portal\/wp-json\/wp\/v2\/types\/post"}],"author":[{"embeddable":true,"href":"https:\/\/www.lavras24horas.com.br\/portal\/wp-json\/wp\/v2\/users\/7"}],"replies":[{"embeddable":true,"href":"https:\/\/www.lavras24horas.com.br\/portal\/wp-json\/wp\/v2\/comments?post=255950"}],"version-history":[{"count":1,"href":"https:\/\/www.lavras24horas.com.br\/portal\/wp-json\/wp\/v2\/posts\/255950\/revisions"}],"predecessor-version":[{"id":255952,"href":"https:\/\/www.lavras24horas.com.br\/portal\/wp-json\/wp\/v2\/posts\/255950\/revisions\/255952"}],"wp:featuredmedia":[{"embeddable":true,"href":"https:\/\/www.lavras24horas.com.br\/portal\/wp-json\/wp\/v2\/media\/255951"}],"wp:attachment":[{"href":"https:\/\/www.lavras24horas.com.br\/portal\/wp-json\/wp\/v2\/media?parent=255950"}],"wp:term":[{"taxonomy":"category","embeddable":true,"href":"https:\/\/www.lavras24horas.com.br\/portal\/wp-json\/wp\/v2\/categories?post=255950"},{"taxonomy":"post_tag","embeddable":true,"href":"https:\/\/www.lavras24horas.com.br\/portal\/wp-json\/wp\/v2\/tags?post=255950"}],"curies":[{"name":"wp","href":"https:\/\/api.w.org\/{rel}","templated":true}]}}