{"id":250330,"date":"2019-11-08T13:34:16","date_gmt":"2019-11-08T16:34:16","guid":{"rendered":"https:\/\/www.lavras24horas.com.br\/portal\/?p=250330"},"modified":"2019-11-08T13:34:16","modified_gmt":"2019-11-08T16:34:16","slug":"morre-segunda-vitima-de-acidente-com-micro-onibus-de-estudantes-na-br-354","status":"publish","type":"post","link":"https:\/\/www.lavras24horas.com.br\/portal\/morre-segunda-vitima-de-acidente-com-micro-onibus-de-estudantes-na-br-354\/","title":{"rendered":"Morre segunda v\u00edtima de acidente com micro-\u00f4nibus de estudantes na BR-354"},"content":{"rendered":"<div class=\"mc-column content-text active-extra-styles \" data-block-type=\"unstyled\" data-block-weight=\"36\" data-block-id=\"2\">\n<p data-track-category=\"Link no Texto\" data-track-links=\"\">\n<p data-track-category=\"Link no Texto\" data-track-links=\"\">\n<p class=\"content-text__container \" style=\"text-align: justify;\" data-track-category=\"Link no Texto\" data-track-links=\"\">A segunda v\u00edtima do acidente de um\u00a0<a href=\"https:\/\/g1.globo.com\/mg\/sul-de-minas\/noticia\/2019\/11\/07\/micro-onibus-com-estudantes-cai-em-barranco-e-9-ficam-feridos-na-br-354.ghtml\">micro-\u00f4nibus na rodovia BR-354<\/a>, em Perd\u00f5es (MG), morreu na noite desta quinta-feira (7). Joselita Carmem Teodoro Carvalho tinha 41 anos e estava internada desde o acidente, na quarta-feira (6).<\/p>\n<\/div>\n<div class=\"wall protected-content\">\n<div class=\"mc-column content-text active-extra-styles \" style=\"text-align: justify;\" data-block-type=\"unstyled\" data-block-weight=\"38\" data-block-id=\"3\">\n<p class=\"content-text__container \" data-track-category=\"Link no Texto\" data-track-links=\"\">Joselita foi socorrida em estado grave e internada na Unidade de Terapia Intensiva (UTI) da Santa Casa de Campo Belo (MG). Depois, chegou a ser transferida para a Santa Casa de Formiga (MG), mas n\u00e3o resistiu aos ferimentos.<\/p>\n<\/div>\n<div class=\"mc-column content-text active-extra-styles \" style=\"text-align: justify;\" data-block-type=\"unstyled\" data-block-weight=\"31\" data-block-id=\"4\">\n<p class=\"content-text__container \" data-track-category=\"Link no Texto\" data-track-links=\"\">Ainda na tarde de quinta-feira, a Secretaria de Educa\u00e7\u00e3o de Perd\u00f5es (MG) havia confirmado a\u00a0<a href=\"https:\/\/g1.globo.com\/mg\/sul-de-minas\/noticia\/2019\/11\/07\/morre-estudante-passageira-de-onibus-que-caiu-em-barranco-na-br-354.ghtml\">morte de Naiara Aparecida Lindor da Costa<\/a>, de 22 anos, na Santa Casa de Campo Belo.<\/p>\n<\/div>\n<div class=\"mc-column content-text active-extra-styles \" style=\"text-align: justify;\" data-block-type=\"unstyled\" data-block-weight=\"21\" data-block-id=\"6\">\n<p class=\"content-text__container \" data-track-category=\"Link no Texto\" data-track-links=\"\">Nayara ser\u00e1 sepultada no Cemit\u00e9rio Municipal de Perd\u00f5es. At\u00e9 a publica\u00e7\u00e3o desta reportagem, n\u00e3o havia informa\u00e7\u00f5es sobre o sepultamento de Joselita.<\/p>\n<\/div>\n<div class=\"mc-column content-text active-extra-styles\" style=\"text-align: justify;\" data-block-type=\"raw\" data-block-weight=\"1\" data-block-id=\"7\">\n<div class=\"content-intertitle\">\n<h2>Feridos<\/h2>\n<\/div>\n<\/div>\n<div class=\"mc-column content-text active-extra-styles \" style=\"text-align: justify;\" data-block-type=\"unstyled\" data-block-weight=\"44\" data-block-id=\"8\">\n<p class=\"content-text__container \" data-track-category=\"Link no Texto\" data-track-links=\"\">Al\u00e9m delas, outras sete pessoas ficaram feridas no acidente. Seguem internados um homem de 32 anos, que tem estado de sa\u00fade est\u00e1vel, uma mulher de 56 anos, tamb\u00e9m est\u00e1vel e que segue em observa\u00e7\u00e3o. Ambos est\u00e3o na Unidade de Pronto Atendimento de Campo Belo.<\/p>\n<\/div>\n<div class=\"mc-column content-text active-extra-styles \" style=\"text-align: justify;\" data-block-type=\"unstyled\" data-block-weight=\"20\" data-block-id=\"9\">\n<p class=\"content-text__container \" data-track-category=\"Link no Texto\" data-track-links=\"\">As tr\u00eas pessoas com ferimentos leves foram levadas para o Pronto-Socorro de Perd\u00f5es. Outras duas seguiram para hospitais em Lavras.<\/p>\n<\/div>\n<div class=\"mc-column content-text active-extra-styles\" style=\"text-align: justify;\" data-block-type=\"raw\" data-block-weight=\"1\" data-block-id=\"10\">\n<div class=\"content-intertitle\">\n<h2>Acidente<\/h2>\n<\/div>\n<\/div>\n<div class=\"mc-column content-text active-extra-styles \" style=\"text-align: justify;\" data-block-type=\"unstyled\" data-block-weight=\"39\" data-block-id=\"11\">\n<p class=\"content-text__container \" data-track-category=\"Link no Texto\" data-track-links=\"\">O acidente aconteceu na noite de quarta-feira com um micro-\u00f4nibus que transportava estudantes da Educa\u00e7\u00e3o de Jovens e Adultos (EJA) para Campo Belo. O ve\u00edculo caiu em um barranco de quatro metros na BR-354, em trecho pr\u00f3ximo a Perd\u00f5es.<\/p>\n<\/div>\n<div class=\"mc-column content-text active-extra-styles \" data-block-type=\"unstyled\" data-block-weight=\"20\" data-block-id=\"12\">\n<p class=\"content-text__container \" style=\"text-align: justify;\" data-track-category=\"Link no Texto\" data-track-links=\"\">A suspeita da Pol\u00edcia Rodovi\u00e1ria Federal \u00e9 que o motorista tenha perdido o controle. Chovia forte na hora do acidente.<\/p>\n<\/div>\n<p data-track-category=\"Link no Texto\" data-track-links=\"\"><strong>Fonte: G1<\/strong><\/p>\n<\/div>\n","protected":false},"excerpt":{"rendered":"<p>A segunda v\u00edtima do acidente de um\u00a0micro-\u00f4nibus na rodovia BR-354, em Perd\u00f5es (MG), morreu na noite desta quinta-feira (7). Joselita Carmem Teodoro Carvalho tinha 41 anos e estava internada desde o acidente, na quarta-feira (6). Joselita foi socorrida em estado grave e internada na Unidade de Terapia Intensiva (UTI) da Santa Casa de Campo Belo [&hellip;]<\/p>\n","protected":false},"author":7,"featured_media":250284,"comment_status":"closed","ping_status":"closed","sticky":false,"template":"","format":"standard","meta":{"advanced_seo_description":"","jetpack_seo_html_title":"","jetpack_seo_noindex":false,"_jetpack_memberships_contains_paid_content":false,"footnotes":""},"categories":[12,4],"tags":[],"class_list":["post-250330","post","type-post","status-publish","format-standard","has-post-thumbnail","hentry","category-destaques-1","category-lavras"],"jetpack_featured_media_url":"https:\/\/i0.wp.com\/www.lavras24horas.com.br\/portal\/wp-content\/uploads\/2019\/11\/1-1.jpg?fit=1000%2C750&ssl=1","jetpack_sharing_enabled":true,"jetpack_likes_enabled":true,"_links":{"self":[{"href":"https:\/\/www.lavras24horas.com.br\/portal\/wp-json\/wp\/v2\/posts\/250330","targetHints":{"allow":["GET"]}}],"collection":[{"href":"https:\/\/www.lavras24horas.com.br\/portal\/wp-json\/wp\/v2\/posts"}],"about":[{"href":"https:\/\/www.lavras24horas.com.br\/portal\/wp-json\/wp\/v2\/types\/post"}],"author":[{"embeddable":true,"href":"https:\/\/www.lavras24horas.com.br\/portal\/wp-json\/wp\/v2\/users\/7"}],"replies":[{"embeddable":true,"href":"https:\/\/www.lavras24horas.com.br\/portal\/wp-json\/wp\/v2\/comments?post=250330"}],"version-history":[{"count":1,"href":"https:\/\/www.lavras24horas.com.br\/portal\/wp-json\/wp\/v2\/posts\/250330\/revisions"}],"predecessor-version":[{"id":250331,"href":"https:\/\/www.lavras24horas.com.br\/portal\/wp-json\/wp\/v2\/posts\/250330\/revisions\/250331"}],"wp:featuredmedia":[{"embeddable":true,"href":"https:\/\/www.lavras24horas.com.br\/portal\/wp-json\/wp\/v2\/media\/250284"}],"wp:attachment":[{"href":"https:\/\/www.lavras24horas.com.br\/portal\/wp-json\/wp\/v2\/media?parent=250330"}],"wp:term":[{"taxonomy":"category","embeddable":true,"href":"https:\/\/www.lavras24horas.com.br\/portal\/wp-json\/wp\/v2\/categories?post=250330"},{"taxonomy":"post_tag","embeddable":true,"href":"https:\/\/www.lavras24horas.com.br\/portal\/wp-json\/wp\/v2\/tags?post=250330"}],"curies":[{"name":"wp","href":"https:\/\/api.w.org\/{rel}","templated":true}]}}