{"id":249085,"date":"2019-09-29T08:55:05","date_gmt":"2019-09-29T11:55:05","guid":{"rendered":"https:\/\/www.lavras24horas.com.br\/portal\/?p=249085"},"modified":"2019-09-29T08:55:05","modified_gmt":"2019-09-29T11:55:05","slug":"programacao-da-semana-nacional-de-ciencia-e-tecnologia-na-ufla-esta-aberta-a-inclusao-de-eventos","status":"publish","type":"post","link":"https:\/\/www.lavras24horas.com.br\/portal\/programacao-da-semana-nacional-de-ciencia-e-tecnologia-na-ufla-esta-aberta-a-inclusao-de-eventos\/","title":{"rendered":"Programa\u00e7\u00e3o da Semana Nacional de Ci\u00eancia e Tecnologia na UFLA est\u00e1 aberta \u00e0 inclus\u00e3o de eventos"},"content":{"rendered":"<p>&nbsp;<\/p>\n<p>&nbsp;<\/p>\n<p style=\"text-align: justify;\">A Pr\u00f3-Reitoria de Pesquisa (PRP) iniciou a organiza\u00e7\u00e3o da programa\u00e7\u00e3o de atividades que ocorrer\u00e3o na Universidade Federal de Lavras (UFLA) durante a Semana Nacional de Ci\u00eancia e Tecnologia (SNCT). Em 2019, o movimento, em sua 16\u00aa edi\u00e7\u00e3o no Pa\u00eds, tem o tema \u201cBioeconomia: Diversidade e Riqueza para o Desenvolvimento Sustent\u00e1vel\u201d. Ser\u00e1 realizado de 21\/10 a 27\/10.<\/p>\n<p style=\"text-align: justify;\">A PRP convida n\u00facleos de estudos e servidores que coordenam projetos de pesquisa &#8211; e que est\u00e3o mobilizados para a\u00e7\u00f5es no per\u00edodo &#8211; a inclu\u00edrem seus eventos na programa\u00e7\u00e3o geral da SNCT na Universidade. O objetivo da iniciativa \u00e9 aproximar da sociedade a ci\u00eancia e a tecnologia, promovendo o di\u00e1logo e compartilhando conhecimentos. Aqueles que desejarem ofertar atividades &#8211; e que elas que figurem na programa\u00e7\u00e3o geral &#8211; devem enviar e-mail para\u00a0<span id=\"cloak9a8e357d1b6b2f172f131a83a5292874\"><a href=\"mailto:prp@prp.ufla.br\">prp@prp.ufla.br<\/a><\/span>\u00a0at\u00e9 dia 4\/10, indicando o nome do evento a ser realizado, local, hor\u00e1rio, p\u00fablico-alvo e informa\u00e7\u00f5es complementares que expliquem a atividade planejada.<\/p>\n<p style=\"text-align: justify;\">A programa\u00e7\u00e3o completa de a\u00e7\u00f5es da UFLA ser\u00e1 divulgada a partir de 7\/10. At\u00e9 o momento, a programa\u00e7\u00e3o preliminar j\u00e1 possui sete eventos confirmados. Veja abaixo as atividades j\u00e1 previstas.<\/p>\n<div style=\"text-align: justify;\"><strong>Programa\u00e7\u00e3o Preliminar da Semana Nacional de Ci\u00eancia e Tecnologia &#8211; 21\/10 a 27\/10\/2019<\/strong><\/p>\n<p>Abertura da Semana Nacional de Ci\u00eancia e Tecnologia<br \/>\n21\/10 &#8211; Segunda-feira<br \/>\nTema: Passado, presente e futuro da Amaz\u00f4nia<br \/>\nHor\u00e1rio: 19 horas<br \/>\nLocal: Cactu\u00b4s Bar e Restaurante<\/p>\n<p>22\/10 &#8211; Ter\u00e7a-feira<br \/>\nTema: Intelig\u00eancia artificial<br \/>\nHor\u00e1rio: 19 horas<br \/>\nLocal: Cactu\u00b4s Bar e Restaurante<\/p>\n<p>23\/10 &#8211; Quarta-feira<\/p>\n<p>&#8220;UFLA faz extens\u00e3o&#8221;<\/p>\n<p>Tema: Pr\u00eamio Nobel<br \/>\nHor\u00e1rio: 8 \u00e0s 12 horas<br \/>\nCentro de Conviv\u00eancia\/UFLA<\/p>\n<p>&#8220;Oficina de viv\u00eancia em processo seletivo: como o recrutador me analisar\u00e1?&#8221;<br \/>\nPrelecionista: Rafaella Campos<br \/>\nHor\u00e1rio: 18 horas<br \/>\nLocal: Anfiteatro &#8220;Magno Ant\u00f4nio Patto Ramalho&#8221; &#8211; Ramalh\u00e3o\/DBI<\/p>\n<p>24\/10 &#8211; Quinta-feira<br \/>\n15:30 &#8211; Filme &#8220;A m\u00e1quina do tempo&#8221;<br \/>\nLocal: Museu de Hist\u00f3ria Natural da UFLA<\/p>\n<p>25\/10 &#8211; Sexta-feira<br \/>\nTema: Magia da F\u00edsica<br \/>\nHor\u00e1rio: 8 \u00e0s 11 horas<br \/>\nLocal: Museu de Hist\u00f3ria Natural da UFLA<\/p>\n<p>26\/10 &#8211; S\u00e1bado<br \/>\nFeira de Ci\u00eancia da UFLA no Curumim &#8211; Nepomuceno &#8211; 7 \u00e0s 11 horas<\/p>\n<p>Tema: Festa das Estrelas &#8211; Do planeta vermelho \u00e0 viagem para Marte<br \/>\nHor\u00e1rio: 19 horas<br \/>\nLocal: Museu de Hist\u00f3ria Natural da UFLA<\/p>\n<p>XII Brazglass &#8211; Brazilian symposium on glass and related materials<br \/>\nData: 21 a 25\/10\/2019<br \/>\nUniversidade Federal de Lavras<br \/>\n<a href=\"http:\/\/www.eventos.ufla.br\/XIIBRAZGLASS\/\" target=\"_blank\" rel=\"noopener noreferrer\" data-saferedirecturl=\"https:\/\/www.google.com\/url?q=http:\/\/www.eventos.ufla.br\/XIIBRAZGLASS\/&amp;source=gmail&amp;ust=1569686979421000&amp;usg=AFQjCNHtsPC_7D_Aw7RV9WvlJPEIM7kvRg\">http:\/\/www.eventos.ufla.br\/<wbr \/>XIIBRAZGLASS\/<\/a><\/div>\n<div style=\"text-align: justify;\"><\/div>\n","protected":false},"excerpt":{"rendered":"<p>&nbsp; &nbsp; A Pr\u00f3-Reitoria de Pesquisa (PRP) iniciou a organiza\u00e7\u00e3o da programa\u00e7\u00e3o de atividades que ocorrer\u00e3o na Universidade Federal de Lavras (UFLA) durante a Semana Nacional de Ci\u00eancia e Tecnologia (SNCT). Em 2019, o movimento, em sua 16\u00aa edi\u00e7\u00e3o no Pa\u00eds, tem o tema \u201cBioeconomia: Diversidade e Riqueza para o Desenvolvimento Sustent\u00e1vel\u201d. Ser\u00e1 realizado de [&hellip;]<\/p>\n","protected":false},"author":7,"featured_media":249086,"comment_status":"closed","ping_status":"closed","sticky":false,"template":"","format":"standard","meta":{"advanced_seo_description":"","jetpack_seo_html_title":"","jetpack_seo_noindex":false,"_jetpack_memberships_contains_paid_content":false,"footnotes":""},"categories":[14,4],"tags":[467,466],"class_list":["post-249085","post","type-post","status-publish","format-standard","has-post-thumbnail","hentry","category-destaques-2","category-lavras","tag-automatico","tag-rascunho"],"jetpack_featured_media_url":"https:\/\/i0.wp.com\/www.lavras24horas.com.br\/portal\/wp-content\/uploads\/2019\/09\/5.jpg?fit=624%2C406&ssl=1","jetpack_sharing_enabled":true,"jetpack_likes_enabled":true,"_links":{"self":[{"href":"https:\/\/www.lavras24horas.com.br\/portal\/wp-json\/wp\/v2\/posts\/249085","targetHints":{"allow":["GET"]}}],"collection":[{"href":"https:\/\/www.lavras24horas.com.br\/portal\/wp-json\/wp\/v2\/posts"}],"about":[{"href":"https:\/\/www.lavras24horas.com.br\/portal\/wp-json\/wp\/v2\/types\/post"}],"author":[{"embeddable":true,"href":"https:\/\/www.lavras24horas.com.br\/portal\/wp-json\/wp\/v2\/users\/7"}],"replies":[{"embeddable":true,"href":"https:\/\/www.lavras24horas.com.br\/portal\/wp-json\/wp\/v2\/comments?post=249085"}],"version-history":[{"count":1,"href":"https:\/\/www.lavras24horas.com.br\/portal\/wp-json\/wp\/v2\/posts\/249085\/revisions"}],"predecessor-version":[{"id":249087,"href":"https:\/\/www.lavras24horas.com.br\/portal\/wp-json\/wp\/v2\/posts\/249085\/revisions\/249087"}],"wp:featuredmedia":[{"embeddable":true,"href":"https:\/\/www.lavras24horas.com.br\/portal\/wp-json\/wp\/v2\/media\/249086"}],"wp:attachment":[{"href":"https:\/\/www.lavras24horas.com.br\/portal\/wp-json\/wp\/v2\/media?parent=249085"}],"wp:term":[{"taxonomy":"category","embeddable":true,"href":"https:\/\/www.lavras24horas.com.br\/portal\/wp-json\/wp\/v2\/categories?post=249085"},{"taxonomy":"post_tag","embeddable":true,"href":"https:\/\/www.lavras24horas.com.br\/portal\/wp-json\/wp\/v2\/tags?post=249085"}],"curies":[{"name":"wp","href":"https:\/\/api.w.org\/{rel}","templated":true}]}}