{"id":249079,"date":"2019-09-30T08:00:25","date_gmt":"2019-09-30T11:00:25","guid":{"rendered":"https:\/\/www.lavras24horas.com.br\/portal\/?p=249079"},"modified":"2019-09-29T08:50:48","modified_gmt":"2019-09-29T11:50:48","slug":"outubro-rosa-tera-seminario-cancer-mulher-homem-e-infanto-juvenil","status":"publish","type":"post","link":"https:\/\/www.lavras24horas.com.br\/portal\/outubro-rosa-tera-seminario-cancer-mulher-homem-e-infanto-juvenil\/","title":{"rendered":"Outubro Rosa ter\u00e1 semin\u00e1rio &#8216;C\u00e2ncer: Mulher, Homem e Infanto-Juvenil&#8217;"},"content":{"rendered":"<p>&nbsp;<\/p>\n<p>&nbsp;<\/p>\n<p style=\"font-weight: 400; text-align: justify;\">O Outubro Rosa \u00e9 uma campanha\u00a0que se espalhou pelo mundo para celebrar a luta das mulheres contra o c\u00e2ncer de mama.\u00a0O seu intuito\u00a0\u00e9 conscientizar a sociedade sobre a import\u00e2ncia da detec\u00e7\u00e3o precoce da doen\u00e7a.<\/p>\n<p style=\"font-weight: 400; text-align: justify;\">O movimento ganhou cada vez mais adeptos todos os anos, espalhando o\u00a0la\u00e7o\u00a0rosa \u2014 s\u00edmbolo da iniciativa \u2014 ou iluminando\u00a0com a mesma cor os principais espa\u00e7os, pr\u00e9dios e monumentos das cidades.<\/p>\n<p style=\"font-weight: 400; text-align: justify;\">Em Lavras a campanha \u00e9 compartilhada por diversos setores da iniciativa privada e p\u00fablica. Uma das iniciativas \u00e9 o Semin\u00e1rio Interdisciplinar do CEAE \u201cC\u00e2ncer: Mulher, Homem e Infanto-Juvenil\u201d, que ser\u00e1 realizado no anfiteatro do Departamento de Ci\u00eancia dos Alimentos, na Universidade Federal de Lavras (Ufla), no dia 29 de outubro.<\/p>\n<p style=\"font-weight: 400; text-align: justify;\">O evento ter\u00e1 in\u00edcio \u00e0s 7h30 com o credenciamento e, \u00e0s 8h, ser\u00e1 realizada a abertura. \u00c0s 9h, palestra com o tema: \u201cSinais, sintomas e diagn\u00f3stico do C\u00e2ncer de Mama\u201d, ministrada por mastologista do CEAE.<\/p>\n<p style=\"font-weight: 400; text-align: justify;\">\u00c0s 9h30, Tratamento do C\u00e2ncer de Mama, com participa\u00e7\u00e3o de m\u00e9dico mastologista de oncologista cl\u00ednico. Em seguida, \u00e0s 10h30, pausa para o caf\u00e9.<\/p>\n<p style=\"font-weight: 400; text-align: justify;\">Dando prosseguimento \u00e0 programa\u00e7\u00e3o, \u00e0s 10h40, ginecologista do CEAE falar\u00e1 sobre o tema: \u201cO Citopatol\u00f3gico e a Preven\u00e7\u00e3o do C\u00e2ncer de Colo Uterino\u201d. \u00c0s 11h10, haver\u00e1 um debate sobre o tem: Tratamento de Les\u00f5es Precursora do C\u00e2ncer de Colo Uterino.<\/p>\n<p style=\"font-weight: 400; text-align: justify;\">Ap\u00f3s o debate haver\u00e1 uma pausa para o almo\u00e7o e, \u00e0s 13h30, retorno com uma Apresenta\u00e7\u00e3o Cultural e, \u00e0s 14h, Sinais e Sintomas de C\u00e2nceres Infanto-Juvenil, por pediatra do CEAE. Pausa para o caf\u00e9 e retorno \u00e0s 15h30 com Preven\u00e7\u00e3o e Diagn\u00f3stico do C\u00e2ncer de Pr\u00f3stata, por m\u00e9dico urologista. Em seguida, encerramento com a entrega de certificados aos participantes.<\/p>\n<p style=\"font-weight: 400; text-align: justify;\"><b><strong>Inscri\u00e7\u00f5es e mais informa\u00e7\u00f5es:<\/strong><\/b><\/p>\n<p style=\"font-weight: 400; text-align: justify;\">O p\u00fablico-alvo do semin\u00e1rio s\u00e3o os profissionais de sa\u00fade de Lavras e microrregi\u00e3o. O evento \u00e9 gratuito, mas com vagas limitadas. As inscri\u00e7\u00f5es devem ser realizadas at\u00e9 o dia 15 de outubro, ter\u00e7a-feira, pelo e-mail\u00a0<a href=\"mailto:ceae@lavras.mg.gov.br\">ceae@lavras.mg.gov.br<\/a>. \u00c9 necess\u00e1rio informar o nome completo, categoria profissional e telefone de contato. Mais informa\u00e7\u00f5es podem ser obtidas pelo telefone: 3694-4069.<\/p>\n<p style=\"font-weight: 400; text-align: justify;\"><b><strong><em>*Diretoria de Comunica\u00e7\u00e3o Social \u2013 Governo Municipal de Lavras\u00a0 \u00a0<\/em><\/strong><\/b><\/p>\n","protected":false},"excerpt":{"rendered":"<p>&nbsp; &nbsp; O Outubro Rosa \u00e9 uma campanha\u00a0que se espalhou pelo mundo para celebrar a luta das mulheres contra o c\u00e2ncer de mama.\u00a0O seu intuito\u00a0\u00e9 conscientizar a sociedade sobre a import\u00e2ncia da detec\u00e7\u00e3o precoce da doen\u00e7a. O movimento ganhou cada vez mais adeptos todos os anos, espalhando o\u00a0la\u00e7o\u00a0rosa \u2014 s\u00edmbolo da iniciativa \u2014 ou iluminando\u00a0com [&hellip;]<\/p>\n","protected":false},"author":7,"featured_media":249080,"comment_status":"closed","ping_status":"closed","sticky":false,"template":"","format":"standard","meta":{"advanced_seo_description":"","jetpack_seo_html_title":"","jetpack_seo_noindex":false,"_jetpack_memberships_contains_paid_content":false,"footnotes":""},"categories":[13077,4],"tags":[467,466],"class_list":["post-249079","post","type-post","status-publish","format-standard","has-post-thumbnail","hentry","category-laterais-2","category-lavras","tag-automatico","tag-rascunho"],"jetpack_featured_media_url":"https:\/\/i0.wp.com\/www.lavras24horas.com.br\/portal\/wp-content\/uploads\/2019\/09\/7.jpg?fit=500%2C333&ssl=1","jetpack_sharing_enabled":true,"jetpack_likes_enabled":true,"jetpack_shortlink":"https:\/\/wp.me\/p12djN-12Np","_links":{"self":[{"href":"https:\/\/www.lavras24horas.com.br\/portal\/wp-json\/wp\/v2\/posts\/249079","targetHints":{"allow":["GET"]}}],"collection":[{"href":"https:\/\/www.lavras24horas.com.br\/portal\/wp-json\/wp\/v2\/posts"}],"about":[{"href":"https:\/\/www.lavras24horas.com.br\/portal\/wp-json\/wp\/v2\/types\/post"}],"author":[{"embeddable":true,"href":"https:\/\/www.lavras24horas.com.br\/portal\/wp-json\/wp\/v2\/users\/7"}],"replies":[{"embeddable":true,"href":"https:\/\/www.lavras24horas.com.br\/portal\/wp-json\/wp\/v2\/comments?post=249079"}],"version-history":[{"count":1,"href":"https:\/\/www.lavras24horas.com.br\/portal\/wp-json\/wp\/v2\/posts\/249079\/revisions"}],"predecessor-version":[{"id":249081,"href":"https:\/\/www.lavras24horas.com.br\/portal\/wp-json\/wp\/v2\/posts\/249079\/revisions\/249081"}],"wp:featuredmedia":[{"embeddable":true,"href":"https:\/\/www.lavras24horas.com.br\/portal\/wp-json\/wp\/v2\/media\/249080"}],"wp:attachment":[{"href":"https:\/\/www.lavras24horas.com.br\/portal\/wp-json\/wp\/v2\/media?parent=249079"}],"wp:term":[{"taxonomy":"category","embeddable":true,"href":"https:\/\/www.lavras24horas.com.br\/portal\/wp-json\/wp\/v2\/categories?post=249079"},{"taxonomy":"post_tag","embeddable":true,"href":"https:\/\/www.lavras24horas.com.br\/portal\/wp-json\/wp\/v2\/tags?post=249079"}],"curies":[{"name":"wp","href":"https:\/\/api.w.org\/{rel}","templated":true}]}}