{"id":249076,"date":"2019-09-30T08:00:17","date_gmt":"2019-09-30T11:00:17","guid":{"rendered":"https:\/\/www.lavras24horas.com.br\/portal\/?p=249076"},"modified":"2019-09-29T08:47:16","modified_gmt":"2019-09-29T11:47:16","slug":"necaf-ufla-promove-xiv-ciclo-de-palestras-em-cafeicultura","status":"publish","type":"post","link":"https:\/\/www.lavras24horas.com.br\/portal\/necaf-ufla-promove-xiv-ciclo-de-palestras-em-cafeicultura\/","title":{"rendered":"Necaf\/UFLA promove XIV Ciclo de Palestras em Cafeicultura"},"content":{"rendered":"<p>&nbsp;<\/p>\n<p>&nbsp;<\/p>\n<p style=\"text-align: justify;\">O N\u00facleo de Estudos em Cafeicultura (Necaf) da Universidade Federal de Lavras (UFLA) realiza, nos dias 1, 2 e 3 de outubro, no Sal\u00e3o de Conven\u00e7\u00f5es, o XIV Ciclo de Palestras em Cafeicultura \u2013 Da Tradi\u00e7\u00e3o \u00e0 Inova\u00e7\u00e3o. Realizado anualmente, o evento re\u00fane estudantes, t\u00e9cnicos e pesquisadores e aborda temas de grande relev\u00e2ncia para a cadeia produtiva do caf\u00e9, com importantes atualiza\u00e7\u00f5es sobre manejo, mercado e pol\u00edtica cafeeira.<\/p>\n<p style=\"text-align: justify;\">A programa\u00e7\u00e3o ser\u00e1 composta por palestras e minicursos, abrangendo temas como sensoriamento remoto, aduba\u00e7\u00f5es, produ\u00e7\u00e3o de caf\u00e9s especiais, controle de ferrugem e nematoides. As inscri\u00e7\u00f5es est\u00e3o sendo realizadas no Centro de Conviv\u00eancia da UFLA (Cantina Central) ao custo de R$15,00 para dois dias de palestra, e R$ 5,00 para cada um dos minicursos, em dinheiro ou via transfer\u00eancia ou dep\u00f3sito banc\u00e1rio (informa\u00e7\u00f5es com membros do Necaf).<\/p>\n<p style=\"text-align: justify;\">O Ciclo de Palestras conta com os seguintes patrocinadores: Barall Consultoria de Eventos, Cacha\u00e7a Barra Grande, Burger 61, Caf\u00e9 V\u00f4 Luiz, Caf\u00e9 C\u00f3rrego das Pedras, Front Club, Funda\u00e7\u00e3o Procaf\u00e9, Uptime , Cervejaria do Zinho, Caf\u00e9 Alto, K\u00eania Ara\u00fajo Cortes e Pleno Sabor Doces e Salgados.<\/p>\n<p style=\"text-align: justify;\">Confira a programa\u00e7\u00e3o completa:<\/p>\n<p style=\"text-align: justify;\"><strong>01\/10 \u2013 Palestras<\/strong><\/p>\n<p style=\"text-align: justify;\">17:00 \u2013 Credenciamento<\/p>\n<p style=\"text-align: justify;\">17:30 \u2013 Cerim\u00f4nia de abertura<\/p>\n<p style=\"text-align: justify;\">18:00 \u2013 &#8220;Sensoriamento remoto e interpreta\u00e7\u00e3o de imagens digitais&#8221;- Prof. Dr. Marcelo Carvalho Alves<\/p>\n<p style=\"text-align: justify;\">19:30 \u2013 Coffee Break<\/p>\n<p style=\"text-align: justify;\">20:00 \u2013 &#8220;Aduba\u00e7\u00f5es e corre\u00e7\u00f5es da cultura do caf\u00e9&#8221; \u2013 Ms. Luiz Paulo Vilela<\/p>\n<p style=\"text-align: justify;\">21:30 \u2013 Mesa redonda<\/p>\n<p style=\"text-align: justify;\">22:00 \u2013 Sorteio de brindes<\/p>\n<p style=\"text-align: justify;\"><strong>02\/10 \u2013 Palestras<\/strong><\/p>\n<p style=\"text-align: justify;\">18:00 \u2013 &#8220;Desafios encontrados na produ\u00e7\u00e3o de caf\u00e9s especiais&#8221; \u2013 Prof. Dr. Jos\u00e9 Marcos Ang\u00e9lico<\/p>\n<p style=\"text-align: justify;\">19:30 \u2013 Coffee Break<\/p>\n<p style=\"text-align: justify;\">20:00 \u2013 &#8220;Manejo para altas produtividades&#8221; \u2013 Ms. Eder Sandy<\/p>\n<p style=\"text-align: justify;\">21:30 \u2013 Mesa redonda<\/p>\n<p style=\"text-align: justify;\">22:00 \u2013 Sorteio de brindes e encerramento<\/p>\n<p style=\"text-align: justify;\"><strong>03\/10 \u2013 Minicursos<\/strong><\/p>\n<p style=\"text-align: justify;\">08:00 \u2013 &#8220;Controle de ferrugem do cafeeiro: M\u00e9todos para atender o pensamento verde&#8221; \u2013 Prof. Dr. Edson Pazza<\/p>\n<p style=\"text-align: justify;\">10:00 \u2013 &#8220;Nematoides em lavouras cafeeiras&#8221; \u2013 Dr. Willian Terra<\/p>\n<p>Ascom InovaCaf\u00e9<\/p>\n","protected":false},"excerpt":{"rendered":"<p>&nbsp; &nbsp; O N\u00facleo de Estudos em Cafeicultura (Necaf) da Universidade Federal de Lavras (UFLA) realiza, nos dias 1, 2 e 3 de outubro, no Sal\u00e3o de Conven\u00e7\u00f5es, o XIV Ciclo de Palestras em Cafeicultura \u2013 Da Tradi\u00e7\u00e3o \u00e0 Inova\u00e7\u00e3o. Realizado anualmente, o evento re\u00fane estudantes, t\u00e9cnicos e pesquisadores e aborda temas de grande relev\u00e2ncia [&hellip;]<\/p>\n","protected":false},"author":7,"featured_media":249077,"comment_status":"closed","ping_status":"closed","sticky":false,"template":"","format":"standard","meta":{"advanced_seo_description":"","jetpack_seo_html_title":"","jetpack_seo_noindex":false,"_jetpack_memberships_contains_paid_content":false,"footnotes":""},"categories":[12,4],"tags":[467,466],"class_list":["post-249076","post","type-post","status-publish","format-standard","has-post-thumbnail","hentry","category-destaques-1","category-lavras","tag-automatico","tag-rascunho"],"jetpack_featured_media_url":"https:\/\/i0.wp.com\/www.lavras24horas.com.br\/portal\/wp-content\/uploads\/2019\/09\/237b435b04d62a647c8eea21c6c27b3b.jpg?fit=600%2C337&ssl=1","jetpack_sharing_enabled":true,"jetpack_likes_enabled":true,"jetpack_shortlink":"https:\/\/wp.me\/p12djN-12Nm","_links":{"self":[{"href":"https:\/\/www.lavras24horas.com.br\/portal\/wp-json\/wp\/v2\/posts\/249076","targetHints":{"allow":["GET"]}}],"collection":[{"href":"https:\/\/www.lavras24horas.com.br\/portal\/wp-json\/wp\/v2\/posts"}],"about":[{"href":"https:\/\/www.lavras24horas.com.br\/portal\/wp-json\/wp\/v2\/types\/post"}],"author":[{"embeddable":true,"href":"https:\/\/www.lavras24horas.com.br\/portal\/wp-json\/wp\/v2\/users\/7"}],"replies":[{"embeddable":true,"href":"https:\/\/www.lavras24horas.com.br\/portal\/wp-json\/wp\/v2\/comments?post=249076"}],"version-history":[{"count":1,"href":"https:\/\/www.lavras24horas.com.br\/portal\/wp-json\/wp\/v2\/posts\/249076\/revisions"}],"predecessor-version":[{"id":249078,"href":"https:\/\/www.lavras24horas.com.br\/portal\/wp-json\/wp\/v2\/posts\/249076\/revisions\/249078"}],"wp:featuredmedia":[{"embeddable":true,"href":"https:\/\/www.lavras24horas.com.br\/portal\/wp-json\/wp\/v2\/media\/249077"}],"wp:attachment":[{"href":"https:\/\/www.lavras24horas.com.br\/portal\/wp-json\/wp\/v2\/media?parent=249076"}],"wp:term":[{"taxonomy":"category","embeddable":true,"href":"https:\/\/www.lavras24horas.com.br\/portal\/wp-json\/wp\/v2\/categories?post=249076"},{"taxonomy":"post_tag","embeddable":true,"href":"https:\/\/www.lavras24horas.com.br\/portal\/wp-json\/wp\/v2\/tags?post=249076"}],"curies":[{"name":"wp","href":"https:\/\/api.w.org\/{rel}","templated":true}]}}