{"id":249072,"date":"2019-09-29T08:43:03","date_gmt":"2019-09-29T11:43:03","guid":{"rendered":"https:\/\/www.lavras24horas.com.br\/portal\/?p=249072"},"modified":"2019-09-29T08:43:03","modified_gmt":"2019-09-29T11:43:03","slug":"vli-e-eleita-melhor-operadora-logistica","status":"publish","type":"post","link":"https:\/\/www.lavras24horas.com.br\/portal\/vli-e-eleita-melhor-operadora-logistica\/","title":{"rendered":"VLI \u00e9 eleita Melhor Operadora Log\u00edstica"},"content":{"rendered":"<p style=\"font-weight: 400;\">\n<p style=\"font-weight: 400;\">\n<p style=\"font-weight: 400;\">\n<p style=\"font-weight: 400; text-align: justify;\">A VLI, companhia de solu\u00e7\u00f5es log\u00edsticas que integra ferrovias, terminais e portos, foi eleita a Melhor Operadora Log\u00edstica do pa\u00eds pelo Pr\u00eamio Revista Ferrovi\u00e1ria nesta quinta-feira, 26. O evento reuniu representantes do segmento e do poder p\u00fablico em S\u00e3o Paulo para celebrar as contribui\u00e7\u00f5es de organiza\u00e7\u00f5es e profissionais ao transporte metroferrovi\u00e1rio.<\/p>\n<p style=\"font-weight: 400; text-align: justify;\">Humberto Freitas, presidente da VLI, recebeu o pr\u00eamio em nome da companhia. &#8220;Sermos escolhidos por nossos clientes e fornecedores como Melhor Operadora Log\u00edstica nos d\u00e1 ainda mais entusiasmo para continuarmos investindo na entrega de solu\u00e7\u00f5es inovadoras para os principais setores que movimentam a economia brasileira.&#8221; Humberto tamb\u00e9m fez agradecimentos a todos os profissionais da VLI. &#8220;Tenho muito orgulho de fazer parte de um time que trabalha diariamente de forma criativa e empreendedora para transformar a log\u00edstica de nosso pa\u00eds&#8221;, declarou.<\/p>\n<p style=\"font-weight: 400; text-align: justify;\">A companhia foi vencedora da categoria pela primeira vez. A escolha dos ganhadores setoriais foi feita por um col\u00e9gio eleitoral do qual fizeram parte clientes, operadoras de cargas, operadoras de passageiros e fornecedoras.<\/p>\n<p style=\"font-weight: 400; text-align: justify;\">Visando otimizar as opera\u00e7\u00f5es, nos \u00faltimos anos, a VLI fez investimentos de R$ 9 bilh\u00f5es em terminais de transbordo no interior; um terminal portu\u00e1rio em Santos (TIPLAM); compra de novos vag\u00f5es e locomotivas; amplia\u00e7\u00e3o da capacidade de tr\u00e1fego nas malhas com aumento de p\u00e1tios de cruzamento e novas oficinas para manuten\u00e7\u00e3o.<\/p>\n<p style=\"font-weight: 400; text-align: justify;\"><strong>Sobre a VLI<\/strong><\/p>\n<p style=\"font-weight: 400; text-align: justify;\">A VLI tem o compromisso de contribuir para a transforma\u00e7\u00e3o da log\u00edstica no pa\u00eds, por meio da integra\u00e7\u00e3o de servi\u00e7os em portos, ferrovias e terminais. A empresa engloba as ferrovias Norte Sul (FNS) e Centro-Atl\u00e2ntica (FCA), al\u00e9m de terminais intermodais, que unem o carregamento e o descarregamento de produtos ao transporte ferrovi\u00e1rio, e terminais portu\u00e1rios situados em eixos estrat\u00e9gicos da costa brasileira, tais como em Santos (SP), S\u00e3o Lu\u00eds (MA) e Vit\u00f3ria (ES). Escolhida como uma das 150 melhores empresas para se trabalhar pela revista Voc\u00ea S\/A pelos \u00faltimos quatro anos e a melhor do segmento de Servi\u00e7os de Transporte pela Isto\u00e9 Dinheiro em 2018, a VLI transporta as riquezas do Brasil por rotas que passam pelas regi\u00f5es Norte, Nordeste, Sudeste e Centro-Oeste.<\/p>\n","protected":false},"excerpt":{"rendered":"<p>A VLI, companhia de solu\u00e7\u00f5es log\u00edsticas que integra ferrovias, terminais e portos, foi eleita a Melhor Operadora Log\u00edstica do pa\u00eds pelo Pr\u00eamio Revista Ferrovi\u00e1ria nesta quinta-feira, 26. O evento reuniu representantes do segmento e do poder p\u00fablico em S\u00e3o Paulo para celebrar as contribui\u00e7\u00f5es de organiza\u00e7\u00f5es e profissionais ao transporte metroferrovi\u00e1rio. Humberto Freitas, presidente da [&hellip;]<\/p>\n","protected":false},"author":7,"featured_media":249073,"comment_status":"closed","ping_status":"closed","sticky":false,"template":"","format":"standard","meta":{"advanced_seo_description":"","jetpack_seo_html_title":"","jetpack_seo_noindex":false,"_jetpack_memberships_contains_paid_content":false,"footnotes":""},"categories":[13077,4],"tags":[467,466],"class_list":["post-249072","post","type-post","status-publish","format-standard","has-post-thumbnail","hentry","category-laterais-2","category-lavras","tag-automatico","tag-rascunho"],"jetpack_featured_media_url":"https:\/\/i0.wp.com\/www.lavras24horas.com.br\/portal\/wp-content\/uploads\/2019\/09\/Humberto-Freitas-recebe-o-premio-das-maos-de-Arnaldo-Jardim-credito-Kaldiris-Fotografia_.jpg?fit=500%2C333&ssl=1","jetpack_sharing_enabled":true,"jetpack_likes_enabled":true,"_links":{"self":[{"href":"https:\/\/www.lavras24horas.com.br\/portal\/wp-json\/wp\/v2\/posts\/249072","targetHints":{"allow":["GET"]}}],"collection":[{"href":"https:\/\/www.lavras24horas.com.br\/portal\/wp-json\/wp\/v2\/posts"}],"about":[{"href":"https:\/\/www.lavras24horas.com.br\/portal\/wp-json\/wp\/v2\/types\/post"}],"author":[{"embeddable":true,"href":"https:\/\/www.lavras24horas.com.br\/portal\/wp-json\/wp\/v2\/users\/7"}],"replies":[{"embeddable":true,"href":"https:\/\/www.lavras24horas.com.br\/portal\/wp-json\/wp\/v2\/comments?post=249072"}],"version-history":[{"count":1,"href":"https:\/\/www.lavras24horas.com.br\/portal\/wp-json\/wp\/v2\/posts\/249072\/revisions"}],"predecessor-version":[{"id":249074,"href":"https:\/\/www.lavras24horas.com.br\/portal\/wp-json\/wp\/v2\/posts\/249072\/revisions\/249074"}],"wp:featuredmedia":[{"embeddable":true,"href":"https:\/\/www.lavras24horas.com.br\/portal\/wp-json\/wp\/v2\/media\/249073"}],"wp:attachment":[{"href":"https:\/\/www.lavras24horas.com.br\/portal\/wp-json\/wp\/v2\/media?parent=249072"}],"wp:term":[{"taxonomy":"category","embeddable":true,"href":"https:\/\/www.lavras24horas.com.br\/portal\/wp-json\/wp\/v2\/categories?post=249072"},{"taxonomy":"post_tag","embeddable":true,"href":"https:\/\/www.lavras24horas.com.br\/portal\/wp-json\/wp\/v2\/tags?post=249072"}],"curies":[{"name":"wp","href":"https:\/\/api.w.org\/{rel}","templated":true}]}}