{"id":249050,"date":"2019-09-28T07:00:42","date_gmt":"2019-09-28T10:00:42","guid":{"rendered":"https:\/\/www.lavras24horas.com.br\/portal\/?p=249050"},"modified":"2019-09-27T13:19:58","modified_gmt":"2019-09-27T16:19:58","slug":"ufla-realiza-mesa-redonda-sobre-o-acesso-de-pessoas-com-necessidades-especificas-no-ensino-superior","status":"publish","type":"post","link":"https:\/\/www.lavras24horas.com.br\/portal\/ufla-realiza-mesa-redonda-sobre-o-acesso-de-pessoas-com-necessidades-especificas-no-ensino-superior\/","title":{"rendered":"UFLA realiza mesa redonda sobre o acesso de pessoas com necessidades espec\u00edficas no ensino superior"},"content":{"rendered":"<p>&nbsp;<\/p>\n<p>&nbsp;<\/p>\n<p style=\"text-align: justify;\">No dia 30\/9 (segunda-feira) de 18h00 \u00e0s 20h00 vai ocorrer no anfiteatro do DCH uma mesa redonda com professores, acad\u00eamicos e fam\u00edlias de pessoas com defici\u00eancia para discutir\/apresentar as barreiras e conquistas do acesso e perman\u00eancia no Ensino Superior de Pessoas com Necessidades Espec\u00edficas.<\/p>\n<p style=\"text-align: justify;\">As inscri\u00e7\u00f5es devem ser feitas pelo SIG gratuitamente.<\/p>\n<p style=\"text-align: justify;\">O evento \u00e9 realizado pela Coordenadoria de Acessibilidade\/PRAEC\/UFLA.<\/p>\n<p><img data-recalc-dims=\"1\" fetchpriority=\"high\" decoding=\"async\" data-attachment-id=\"249051\" data-permalink=\"https:\/\/www.lavras24horas.com.br\/portal\/ufla-realiza-mesa-redonda-sobre-o-acesso-de-pessoas-com-necessidades-especificas-no-ensino-superior\/1-74\/\" data-orig-file=\"https:\/\/i0.wp.com\/www.lavras24horas.com.br\/portal\/wp-content\/uploads\/2019\/09\/1-6.jpg?fit=600%2C605&amp;ssl=1\" data-orig-size=\"600,605\" data-comments-opened=\"0\" data-image-meta=\"{&quot;aperture&quot;:&quot;0&quot;,&quot;credit&quot;:&quot;&quot;,&quot;camera&quot;:&quot;&quot;,&quot;caption&quot;:&quot;&quot;,&quot;created_timestamp&quot;:&quot;0&quot;,&quot;copyright&quot;:&quot;&quot;,&quot;focal_length&quot;:&quot;0&quot;,&quot;iso&quot;:&quot;0&quot;,&quot;shutter_speed&quot;:&quot;0&quot;,&quot;title&quot;:&quot;&quot;,&quot;orientation&quot;:&quot;0&quot;}\" data-image-title=\"1\" data-image-description=\"\" data-image-caption=\"\" data-large-file=\"https:\/\/i0.wp.com\/www.lavras24horas.com.br\/portal\/wp-content\/uploads\/2019\/09\/1-6.jpg?fit=327%2C330&amp;ssl=1\" class=\"aligncenter wp-image-249051 size-full\" src=\"https:\/\/i0.wp.com\/www.lavras24horas.com.br\/portal\/wp-content\/uploads\/2019\/09\/1-6.jpg?resize=600%2C605&#038;ssl=1\" alt=\"\" width=\"600\" height=\"605\" srcset=\"https:\/\/i0.wp.com\/www.lavras24horas.com.br\/portal\/wp-content\/uploads\/2019\/09\/1-6.jpg?w=600&amp;ssl=1 600w, https:\/\/i0.wp.com\/www.lavras24horas.com.br\/portal\/wp-content\/uploads\/2019\/09\/1-6.jpg?resize=327%2C330&amp;ssl=1 327w\" sizes=\"(max-width: 600px) 100vw, 600px\" \/><\/p>\n","protected":false},"excerpt":{"rendered":"<p>&nbsp; &nbsp; No dia 30\/9 (segunda-feira) de 18h00 \u00e0s 20h00 vai ocorrer no anfiteatro do DCH uma mesa redonda com professores, acad\u00eamicos e fam\u00edlias de pessoas com defici\u00eancia para discutir\/apresentar as barreiras e conquistas do acesso e perman\u00eancia no Ensino Superior de Pessoas com Necessidades Espec\u00edficas. As inscri\u00e7\u00f5es devem ser feitas pelo SIG gratuitamente. O [&hellip;]<\/p>\n","protected":false},"author":7,"featured_media":249052,"comment_status":"closed","ping_status":"closed","sticky":false,"template":"","format":"standard","meta":{"advanced_seo_description":"","jetpack_seo_html_title":"","jetpack_seo_noindex":false,"_jetpack_memberships_contains_paid_content":false,"footnotes":""},"categories":[13077,4],"tags":[467,466],"class_list":["post-249050","post","type-post","status-publish","format-standard","has-post-thumbnail","hentry","category-laterais-2","category-lavras","tag-automatico","tag-rascunho"],"jetpack_featured_media_url":"https:\/\/i0.wp.com\/www.lavras24horas.com.br\/portal\/wp-content\/uploads\/2019\/09\/palestra_acessibilidade_2_900.jpg?fit=500%2C300&ssl=1","jetpack_sharing_enabled":true,"jetpack_likes_enabled":true,"_links":{"self":[{"href":"https:\/\/www.lavras24horas.com.br\/portal\/wp-json\/wp\/v2\/posts\/249050","targetHints":{"allow":["GET"]}}],"collection":[{"href":"https:\/\/www.lavras24horas.com.br\/portal\/wp-json\/wp\/v2\/posts"}],"about":[{"href":"https:\/\/www.lavras24horas.com.br\/portal\/wp-json\/wp\/v2\/types\/post"}],"author":[{"embeddable":true,"href":"https:\/\/www.lavras24horas.com.br\/portal\/wp-json\/wp\/v2\/users\/7"}],"replies":[{"embeddable":true,"href":"https:\/\/www.lavras24horas.com.br\/portal\/wp-json\/wp\/v2\/comments?post=249050"}],"version-history":[{"count":1,"href":"https:\/\/www.lavras24horas.com.br\/portal\/wp-json\/wp\/v2\/posts\/249050\/revisions"}],"predecessor-version":[{"id":249053,"href":"https:\/\/www.lavras24horas.com.br\/portal\/wp-json\/wp\/v2\/posts\/249050\/revisions\/249053"}],"wp:featuredmedia":[{"embeddable":true,"href":"https:\/\/www.lavras24horas.com.br\/portal\/wp-json\/wp\/v2\/media\/249052"}],"wp:attachment":[{"href":"https:\/\/www.lavras24horas.com.br\/portal\/wp-json\/wp\/v2\/media?parent=249050"}],"wp:term":[{"taxonomy":"category","embeddable":true,"href":"https:\/\/www.lavras24horas.com.br\/portal\/wp-json\/wp\/v2\/categories?post=249050"},{"taxonomy":"post_tag","embeddable":true,"href":"https:\/\/www.lavras24horas.com.br\/portal\/wp-json\/wp\/v2\/tags?post=249050"}],"curies":[{"name":"wp","href":"https:\/\/api.w.org\/{rel}","templated":true}]}}