{"id":249045,"date":"2019-09-27T13:12:38","date_gmt":"2019-09-27T16:12:38","guid":{"rendered":"https:\/\/www.lavras24horas.com.br\/portal\/?p=249045"},"modified":"2019-09-27T13:12:38","modified_gmt":"2019-09-27T16:12:38","slug":"homem-e-preso-por-roubar-celular-de-transeunte","status":"publish","type":"post","link":"https:\/\/www.lavras24horas.com.br\/portal\/homem-e-preso-por-roubar-celular-de-transeunte\/","title":{"rendered":"Homem \u00e9 preso por roubar celular de transeunte"},"content":{"rendered":"<p>&nbsp;<\/p>\n<p>&nbsp;<\/p>\n<p>Quinta-feira (26), \u00e0s 19:38, em Lavras, os militares estiveram na rua Doutor Francisco Sales, \u00e1rea central da cidade, onde uma mulher de 25 anos informou que um homem havia lhe tomado o aparelho celular que estava em suas m\u00e3os.<\/p>\n<p>Rapidamente os militares iniciaram o rastreamento, localizando o infrator de 21 anos na rua Desembargador Alberto Luz.<\/p>\n<div class=\"text_exposed_show\">\n<p>Ele confessou o roubo e afirmou que havia repassado o aparelho para uma mulher na rua Quatorze de Agosto, como forma de pagamento de uma d\u00edvida de crack, no valor de R$ 500,00.<\/p>\n<p>A equipe ent\u00e3o foi at\u00e9 a casa a denunciada, sendo que ao ser abordada, foi encontrada uma por\u00e7\u00e3o de maconha.<\/p>\n<p>Dentro do im\u00f3vel foram localizados objetos de proced\u00eancia duvidosa, al\u00e9m de dinheiro decorrente do tr\u00e1fico de drogas.<\/p>\n<p>Os 2 infratores foram presos, sendo que contra o homem j\u00e1 havia um mandado de pris\u00e3o em aberto.<\/p>\n<p>O aparelho celular n\u00e3o foi encontrado, contudo, ambos foram conduzidos at\u00e9 a Delegacia, onde a droga, o dinheiro e os materiais apreendidos foram entregues.<\/p>\n<p>ACO\/8\u00baBPM<\/p>\n<\/div>\n","protected":false},"excerpt":{"rendered":"<p>&nbsp; &nbsp; Quinta-feira (26), \u00e0s 19:38, em Lavras, os militares estiveram na rua Doutor Francisco Sales, \u00e1rea central da cidade, onde uma mulher de 25 anos informou que um homem havia lhe tomado o aparelho celular que estava em suas m\u00e3os. Rapidamente os militares iniciaram o rastreamento, localizando o infrator de 21 anos na rua [&hellip;]<\/p>\n","protected":false},"author":7,"featured_media":249046,"comment_status":"closed","ping_status":"closed","sticky":false,"template":"","format":"standard","meta":{"advanced_seo_description":"","jetpack_seo_html_title":"","jetpack_seo_noindex":false,"_jetpack_memberships_contains_paid_content":false,"footnotes":""},"categories":[14,4],"tags":[467,466],"class_list":["post-249045","post","type-post","status-publish","format-standard","has-post-thumbnail","hentry","category-destaques-2","category-lavras","tag-automatico","tag-rascunho"],"jetpack_featured_media_url":"https:\/\/i0.wp.com\/www.lavras24horas.com.br\/portal\/wp-content\/uploads\/2019\/09\/70920323_1181065558762621_5230432849768742912_o.jpg?fit=700%2C306&ssl=1","jetpack_sharing_enabled":true,"jetpack_likes_enabled":true,"_links":{"self":[{"href":"https:\/\/www.lavras24horas.com.br\/portal\/wp-json\/wp\/v2\/posts\/249045","targetHints":{"allow":["GET"]}}],"collection":[{"href":"https:\/\/www.lavras24horas.com.br\/portal\/wp-json\/wp\/v2\/posts"}],"about":[{"href":"https:\/\/www.lavras24horas.com.br\/portal\/wp-json\/wp\/v2\/types\/post"}],"author":[{"embeddable":true,"href":"https:\/\/www.lavras24horas.com.br\/portal\/wp-json\/wp\/v2\/users\/7"}],"replies":[{"embeddable":true,"href":"https:\/\/www.lavras24horas.com.br\/portal\/wp-json\/wp\/v2\/comments?post=249045"}],"version-history":[{"count":1,"href":"https:\/\/www.lavras24horas.com.br\/portal\/wp-json\/wp\/v2\/posts\/249045\/revisions"}],"predecessor-version":[{"id":249047,"href":"https:\/\/www.lavras24horas.com.br\/portal\/wp-json\/wp\/v2\/posts\/249045\/revisions\/249047"}],"wp:featuredmedia":[{"embeddable":true,"href":"https:\/\/www.lavras24horas.com.br\/portal\/wp-json\/wp\/v2\/media\/249046"}],"wp:attachment":[{"href":"https:\/\/www.lavras24horas.com.br\/portal\/wp-json\/wp\/v2\/media?parent=249045"}],"wp:term":[{"taxonomy":"category","embeddable":true,"href":"https:\/\/www.lavras24horas.com.br\/portal\/wp-json\/wp\/v2\/categories?post=249045"},{"taxonomy":"post_tag","embeddable":true,"href":"https:\/\/www.lavras24horas.com.br\/portal\/wp-json\/wp\/v2\/tags?post=249045"}],"curies":[{"name":"wp","href":"https:\/\/api.w.org\/{rel}","templated":true}]}}