{"id":249040,"date":"2019-09-28T07:00:14","date_gmt":"2019-09-28T10:00:14","guid":{"rendered":"https:\/\/www.lavras24horas.com.br\/portal\/?p=249040"},"modified":"2019-09-27T13:23:00","modified_gmt":"2019-09-27T16:23:00","slug":"domingo-na-praca-com-aniversario-da-euterpe-operaria","status":"publish","type":"post","link":"https:\/\/www.lavras24horas.com.br\/portal\/domingo-na-praca-com-aniversario-da-euterpe-operaria\/","title":{"rendered":"Domingo na Pra\u00e7a ter\u00e1 apresenta\u00e7\u00e3o com a Euterpe Oper\u00e1ria"},"content":{"rendered":"<p>&nbsp;<\/p>\n<p>&nbsp;<\/p>\n<p style=\"font-weight: 400; text-align: justify;\">Dia 29 de setembro, pr\u00f3ximo domingo ser\u00e1 especial na Pra\u00e7a Dr. Augusto Silva, com a comemora\u00e7\u00e3o de anivers\u00e1rio de um importante patrim\u00f4nio cultural de Lavras: a Banda Euterpe Oper\u00e1ria. A apresenta\u00e7\u00e3o ter\u00e1 in\u00edcio \u00e0s 10h e ser\u00e1 aberta a participa\u00e7\u00e3o de toda a popula\u00e7\u00e3o.<b><strong>\u00a0<\/strong><\/b><\/p>\n<p style=\"font-weight: 400; text-align: justify;\"><b><strong>A hist\u00f3ria da Euterpe Oper\u00e1ria<\/strong><\/b><\/p>\n<p style=\"font-weight: 400; text-align: justify;\">O in\u00edcio da hist\u00f3ria da Euterpe Oper\u00e1ria come\u00e7a a partir de um cidad\u00e3o ilustre conhecedor e de grande saber cultural, al\u00e9m de ser amante da cultura brasileira: prof. Jos\u00e9 Luiz de Mesquita. Nascera em 22 de junho de 1882 e falecera no dia 16 de junho de 1967. A popula\u00e7\u00e3o negra, um tanto relegada ap\u00f3s a Aboli\u00e7\u00e3o da Escravatura, fora valorizada dignamente atrav\u00e9s das v\u00e1rias entidades sociais, culturais e art\u00edsticas fundadas pelo prof. Mesquita, como a Banda de M\u00fasica Euterpe Oper\u00e1ria. O nome foi escolhido por Euterpe ser a musa grega da m\u00fasica e por serem oper\u00e1rios a maior parte de seus integrantes quando de sua funda\u00e7\u00e3o.<\/p>\n<p style=\"font-weight: 400; text-align: justify;\">A estr\u00e9ia da Euterpe Oper\u00e1ria ocorreu em 24 de setembro de 1910, durante as festividades de Nossa Senhora das Merc\u00eas, ficando esta data marcada como o dia efetivo de sua funda\u00e7\u00e3o. A atua\u00e7\u00e3o da corpora\u00e7\u00e3o musical Euterpe Oper\u00e1ria, que possui sede pr\u00f3pria localizada na cidade de Lavras, n\u00e3o se restringem ao territ\u00f3rio do munic\u00edpio, sendo convidada para se apresentar em v\u00e1rias localidades. A banda n\u00e3o \u00e9 somente um instrumento de entretenimento e divers\u00e3o para a comunidade lavrense e da regi\u00e3o, mas tamb\u00e9m uma escola de m\u00fasica, principalmente para crian\u00e7as e adolescentes.<\/p>\n<p style=\"font-weight: 400; text-align: justify;\">Em 1972 a Euterpe Oper\u00e1ria foi declarada institui\u00e7\u00e3o de utilidade p\u00fablica municipal, e em 2009, foi reconhecida de utilidade p\u00fablica estadual. Em 2015 ela foi registrada como forma de express\u00e3o tombada como patrim\u00f4nio lavrense.<\/p>\n<p style=\"font-weight: 400;\"><b><strong><em>*Diretoria de Comunica\u00e7\u00e3o Social \u2013 Governo Municipal de Lavras<\/em><\/strong><\/b><\/p>\n","protected":false},"excerpt":{"rendered":"<p>&nbsp; &nbsp; Dia 29 de setembro, pr\u00f3ximo domingo ser\u00e1 especial na Pra\u00e7a Dr. Augusto Silva, com a comemora\u00e7\u00e3o de anivers\u00e1rio de um importante patrim\u00f4nio cultural de Lavras: a Banda Euterpe Oper\u00e1ria. A apresenta\u00e7\u00e3o ter\u00e1 in\u00edcio \u00e0s 10h e ser\u00e1 aberta a participa\u00e7\u00e3o de toda a popula\u00e7\u00e3o.\u00a0 A hist\u00f3ria da Euterpe Oper\u00e1ria O in\u00edcio da hist\u00f3ria [&hellip;]<\/p>\n","protected":false},"author":7,"featured_media":249041,"comment_status":"closed","ping_status":"closed","sticky":false,"template":"","format":"standard","meta":{"advanced_seo_description":"","jetpack_seo_html_title":"","jetpack_seo_noindex":false,"_jetpack_memberships_contains_paid_content":false,"footnotes":""},"categories":[12,4],"tags":[467,466],"class_list":["post-249040","post","type-post","status-publish","format-standard","has-post-thumbnail","hentry","category-destaques-1","category-lavras","tag-automatico","tag-rascunho"],"jetpack_featured_media_url":"https:\/\/i0.wp.com\/www.lavras24horas.com.br\/portal\/wp-content\/uploads\/2019\/09\/euterpe.jpg?fit=500%2C328&ssl=1","jetpack_sharing_enabled":true,"jetpack_likes_enabled":true,"_links":{"self":[{"href":"https:\/\/www.lavras24horas.com.br\/portal\/wp-json\/wp\/v2\/posts\/249040","targetHints":{"allow":["GET"]}}],"collection":[{"href":"https:\/\/www.lavras24horas.com.br\/portal\/wp-json\/wp\/v2\/posts"}],"about":[{"href":"https:\/\/www.lavras24horas.com.br\/portal\/wp-json\/wp\/v2\/types\/post"}],"author":[{"embeddable":true,"href":"https:\/\/www.lavras24horas.com.br\/portal\/wp-json\/wp\/v2\/users\/7"}],"replies":[{"embeddable":true,"href":"https:\/\/www.lavras24horas.com.br\/portal\/wp-json\/wp\/v2\/comments?post=249040"}],"version-history":[{"count":2,"href":"https:\/\/www.lavras24horas.com.br\/portal\/wp-json\/wp\/v2\/posts\/249040\/revisions"}],"predecessor-version":[{"id":249054,"href":"https:\/\/www.lavras24horas.com.br\/portal\/wp-json\/wp\/v2\/posts\/249040\/revisions\/249054"}],"wp:featuredmedia":[{"embeddable":true,"href":"https:\/\/www.lavras24horas.com.br\/portal\/wp-json\/wp\/v2\/media\/249041"}],"wp:attachment":[{"href":"https:\/\/www.lavras24horas.com.br\/portal\/wp-json\/wp\/v2\/media?parent=249040"}],"wp:term":[{"taxonomy":"category","embeddable":true,"href":"https:\/\/www.lavras24horas.com.br\/portal\/wp-json\/wp\/v2\/categories?post=249040"},{"taxonomy":"post_tag","embeddable":true,"href":"https:\/\/www.lavras24horas.com.br\/portal\/wp-json\/wp\/v2\/tags?post=249040"}],"curies":[{"name":"wp","href":"https:\/\/api.w.org\/{rel}","templated":true}]}}