{"id":249029,"date":"2019-09-27T12:58:53","date_gmt":"2019-09-27T15:58:53","guid":{"rendered":"https:\/\/www.lavras24horas.com.br\/portal\/?p=249029"},"modified":"2019-09-27T12:58:53","modified_gmt":"2019-09-27T15:58:53","slug":"finais-da-2a-taca-seltc-de-futsal-modulo-1-acontecera-no-proximo-dia-3","status":"publish","type":"post","link":"https:\/\/www.lavras24horas.com.br\/portal\/finais-da-2a-taca-seltc-de-futsal-modulo-1-acontecera-no-proximo-dia-3\/","title":{"rendered":"Finais da 2\u00aa Ta\u00e7a SELTC de Futsal M\u00f3dulo 1 acontecer\u00e1 no pr\u00f3ximo dia 3"},"content":{"rendered":"<p>&nbsp;<\/p>\n<p>&nbsp;<\/p>\n<p style=\"text-align: justify;\">Acontecer\u00e3o no Gin\u00e1sio da SELTC, no dia 03 de outubro, a partir das 15 horas, as finais da 2\u00aa Ta\u00e7a SELTC de Futsal M\u00f3dulo 1. As categorias em disputa ser\u00e3o 2004 masculino, 2004 feminino e 2005\/2006 masculino. A competi\u00e7\u00e3o tem como objetivo preparar os alunos\/atletas para os Jogos Escolares de 2020 mantendo as equipes das escolas, clubes e munic\u00edpios vizinhos competindo.<\/p>\n<p><img data-recalc-dims=\"1\" fetchpriority=\"high\" decoding=\"async\" data-attachment-id=\"249030\" data-permalink=\"https:\/\/www.lavras24horas.com.br\/portal\/finais-da-2a-taca-seltc-de-futsal-modulo-1-acontecera-no-proximo-dia-3\/deb0e7d7-e50e-4de8-bf89-31716b10cf7e\/\" data-orig-file=\"https:\/\/i0.wp.com\/www.lavras24horas.com.br\/portal\/wp-content\/uploads\/2019\/09\/deb0e7d7-e50e-4de8-bf89-31716b10cf7e.jpg?fit=500%2C281&amp;ssl=1\" data-orig-size=\"500,281\" data-comments-opened=\"0\" data-image-meta=\"{&quot;aperture&quot;:&quot;0&quot;,&quot;credit&quot;:&quot;&quot;,&quot;camera&quot;:&quot;&quot;,&quot;caption&quot;:&quot;&quot;,&quot;created_timestamp&quot;:&quot;0&quot;,&quot;copyright&quot;:&quot;&quot;,&quot;focal_length&quot;:&quot;0&quot;,&quot;iso&quot;:&quot;0&quot;,&quot;shutter_speed&quot;:&quot;0&quot;,&quot;title&quot;:&quot;&quot;,&quot;orientation&quot;:&quot;0&quot;}\" data-image-title=\"deb0e7d7-e50e-4de8-bf89-31716b10cf7e\" data-image-description=\"\" data-image-caption=\"\" data-large-file=\"https:\/\/i0.wp.com\/www.lavras24horas.com.br\/portal\/wp-content\/uploads\/2019\/09\/deb0e7d7-e50e-4de8-bf89-31716b10cf7e.jpg?fit=500%2C281&amp;ssl=1\" class=\"aligncenter wp-image-249030 size-full\" src=\"https:\/\/i0.wp.com\/www.lavras24horas.com.br\/portal\/wp-content\/uploads\/2019\/09\/deb0e7d7-e50e-4de8-bf89-31716b10cf7e.jpg?resize=500%2C281&#038;ssl=1\" alt=\"\" width=\"500\" height=\"281\" \/><\/p>\n<p style=\"text-align: justify;\">As equipes participantes foram: Escola Municipal Professor Jos\u00e9 Luiz de Mesquita, Escola Municipal Paulo Menicucci, Escola Municipal \u00c1lvaro Botelho, Escola Municipal Umbelina Azevedo Avelar, Escola Estadual Dr. Jo\u00e3o Batista Hermeto, Escola Estadual Maur\u00edcio Z\u00e1ckia (Ijaci), Itumirim, Ijaci Futsal, Clube Campestre, Alcel Rotary\/ Lavras, Lavras T\u00eanis Clube, Unilavras, Col\u00e9gio Losango, Seltc<\/p>\n<p><img data-recalc-dims=\"1\" decoding=\"async\" data-attachment-id=\"249032\" data-permalink=\"https:\/\/www.lavras24horas.com.br\/portal\/finais-da-2a-taca-seltc-de-futsal-modulo-1-acontecera-no-proximo-dia-3\/5a45ba3c-8a72-4529-93d2-c7deb8fd7e10\/\" data-orig-file=\"https:\/\/i0.wp.com\/www.lavras24horas.com.br\/portal\/wp-content\/uploads\/2019\/09\/5a45ba3c-8a72-4529-93d2-c7deb8fd7e10.jpg?fit=500%2C281&amp;ssl=1\" data-orig-size=\"500,281\" data-comments-opened=\"0\" data-image-meta=\"{&quot;aperture&quot;:&quot;0&quot;,&quot;credit&quot;:&quot;&quot;,&quot;camera&quot;:&quot;&quot;,&quot;caption&quot;:&quot;&quot;,&quot;created_timestamp&quot;:&quot;0&quot;,&quot;copyright&quot;:&quot;&quot;,&quot;focal_length&quot;:&quot;0&quot;,&quot;iso&quot;:&quot;0&quot;,&quot;shutter_speed&quot;:&quot;0&quot;,&quot;title&quot;:&quot;&quot;,&quot;orientation&quot;:&quot;0&quot;}\" data-image-title=\"5a45ba3c-8a72-4529-93d2-c7deb8fd7e10\" data-image-description=\"\" data-image-caption=\"\" data-large-file=\"https:\/\/i0.wp.com\/www.lavras24horas.com.br\/portal\/wp-content\/uploads\/2019\/09\/5a45ba3c-8a72-4529-93d2-c7deb8fd7e10.jpg?fit=500%2C281&amp;ssl=1\" class=\"aligncenter wp-image-249032 size-full\" src=\"https:\/\/i0.wp.com\/www.lavras24horas.com.br\/portal\/wp-content\/uploads\/2019\/09\/5a45ba3c-8a72-4529-93d2-c7deb8fd7e10.jpg?resize=500%2C281&#038;ssl=1\" alt=\"\" width=\"500\" height=\"281\" \/><\/p>\n<p style=\"text-align: justify;\">Est\u00e3o acontecendo partidas de \u00f3timo n\u00edvel t\u00e9cnico e com grande presen\u00e7a de p\u00fablico.<\/p>\n","protected":false},"excerpt":{"rendered":"<p>&nbsp; &nbsp; Acontecer\u00e3o no Gin\u00e1sio da SELTC, no dia 03 de outubro, a partir das 15 horas, as finais da 2\u00aa Ta\u00e7a SELTC de Futsal M\u00f3dulo 1. As categorias em disputa ser\u00e3o 2004 masculino, 2004 feminino e 2005\/2006 masculino. A competi\u00e7\u00e3o tem como objetivo preparar os alunos\/atletas para os Jogos Escolares de 2020 mantendo as [&hellip;]<\/p>\n","protected":false},"author":7,"featured_media":249031,"comment_status":"closed","ping_status":"closed","sticky":false,"template":"","format":"standard","meta":{"advanced_seo_description":"","jetpack_seo_html_title":"","jetpack_seo_noindex":false,"_jetpack_memberships_contains_paid_content":false,"footnotes":""},"categories":[13077,4],"tags":[467,466],"class_list":["post-249029","post","type-post","status-publish","format-standard","has-post-thumbnail","hentry","category-laterais-2","category-lavras","tag-automatico","tag-rascunho"],"jetpack_featured_media_url":"https:\/\/i0.wp.com\/www.lavras24horas.com.br\/portal\/wp-content\/uploads\/2019\/09\/c615ebdc-e341-4012-b0f1-b09c04feea65.jpg?fit=500%2C281&ssl=1","jetpack_sharing_enabled":true,"jetpack_likes_enabled":true,"_links":{"self":[{"href":"https:\/\/www.lavras24horas.com.br\/portal\/wp-json\/wp\/v2\/posts\/249029","targetHints":{"allow":["GET"]}}],"collection":[{"href":"https:\/\/www.lavras24horas.com.br\/portal\/wp-json\/wp\/v2\/posts"}],"about":[{"href":"https:\/\/www.lavras24horas.com.br\/portal\/wp-json\/wp\/v2\/types\/post"}],"author":[{"embeddable":true,"href":"https:\/\/www.lavras24horas.com.br\/portal\/wp-json\/wp\/v2\/users\/7"}],"replies":[{"embeddable":true,"href":"https:\/\/www.lavras24horas.com.br\/portal\/wp-json\/wp\/v2\/comments?post=249029"}],"version-history":[{"count":1,"href":"https:\/\/www.lavras24horas.com.br\/portal\/wp-json\/wp\/v2\/posts\/249029\/revisions"}],"predecessor-version":[{"id":249033,"href":"https:\/\/www.lavras24horas.com.br\/portal\/wp-json\/wp\/v2\/posts\/249029\/revisions\/249033"}],"wp:featuredmedia":[{"embeddable":true,"href":"https:\/\/www.lavras24horas.com.br\/portal\/wp-json\/wp\/v2\/media\/249031"}],"wp:attachment":[{"href":"https:\/\/www.lavras24horas.com.br\/portal\/wp-json\/wp\/v2\/media?parent=249029"}],"wp:term":[{"taxonomy":"category","embeddable":true,"href":"https:\/\/www.lavras24horas.com.br\/portal\/wp-json\/wp\/v2\/categories?post=249029"},{"taxonomy":"post_tag","embeddable":true,"href":"https:\/\/www.lavras24horas.com.br\/portal\/wp-json\/wp\/v2\/tags?post=249029"}],"curies":[{"name":"wp","href":"https:\/\/api.w.org\/{rel}","templated":true}]}}