{"id":249022,"date":"2019-09-26T17:18:24","date_gmt":"2019-09-26T20:18:24","guid":{"rendered":"https:\/\/www.lavras24horas.com.br\/portal\/?p=249022"},"modified":"2019-09-27T14:08:25","modified_gmt":"2019-09-27T17:08:25","slug":"caso-de-estupro-de-vulneravel-e-solucionado-em-lavras","status":"publish","type":"post","link":"https:\/\/www.lavras24horas.com.br\/portal\/caso-de-estupro-de-vulneravel-e-solucionado-em-lavras\/","title":{"rendered":"Home suspeito de pr\u00e1tica de estupro de vulner\u00e1vel \u00e9 preso em Lavras"},"content":{"rendered":"<p>&nbsp;<\/p>\n<p>&nbsp;<\/p>\n<p style=\"text-align: justify;\">Um homem foi preso suspeito e pratica de estupro de vulner\u00e1vel em Lavras. Segundo apurado pela Delegacia de Mulheres, o suspeito teria abusado sexualmente de 4 crian\u00e7as (uma de 12, duas de 10 e uma de 9 anos). A pol\u00edcia informou que duas das crian\u00e7as eram enteadas do suspeito e duas vizinhas dele.<\/p>\n<p style=\"text-align: justify;\">A Delegada do caso, Dra. Ana Paula Santana de Rezende Arruda (<strong>foto<\/strong>) elucidou os fatos, demonstrando que os abusos sexuais ocorriam h\u00e1 mais de um ano, na pr\u00f3pria casa do suspeito e no carro dele, quando levava as crian\u00e7as para o lix\u00e3o da cidade.<\/p>\n<p><img data-recalc-dims=\"1\" fetchpriority=\"high\" decoding=\"async\" data-attachment-id=\"248729\" data-permalink=\"https:\/\/www.lavras24horas.com.br\/portal\/lavras-casos-de-violencia-contra-a-mulher-ja-quase-superam-os-registrados-em-2018\/dra-ana-paula-sentada-copia\/\" data-orig-file=\"https:\/\/i0.wp.com\/www.lavras24horas.com.br\/portal\/wp-content\/uploads\/2019\/09\/dra.-ana-paula-sentada-Copia.jpg?fit=600%2C450&amp;ssl=1\" data-orig-size=\"600,450\" data-comments-opened=\"0\" data-image-meta=\"{&quot;aperture&quot;:&quot;0&quot;,&quot;credit&quot;:&quot;&quot;,&quot;camera&quot;:&quot;&quot;,&quot;caption&quot;:&quot;&quot;,&quot;created_timestamp&quot;:&quot;0&quot;,&quot;copyright&quot;:&quot;&quot;,&quot;focal_length&quot;:&quot;0&quot;,&quot;iso&quot;:&quot;0&quot;,&quot;shutter_speed&quot;:&quot;0&quot;,&quot;title&quot;:&quot;&quot;,&quot;orientation&quot;:&quot;0&quot;}\" data-image-title=\"dra. ana paula sentada &amp;#8211; C\u00f3pia\" data-image-description=\"\" data-image-caption=\"\" data-large-file=\"https:\/\/i0.wp.com\/www.lavras24horas.com.br\/portal\/wp-content\/uploads\/2019\/09\/dra.-ana-paula-sentada-Copia.jpg?fit=440%2C330&amp;ssl=1\" class=\"aligncenter size-destaque wp-image-248729\" src=\"https:\/\/i0.wp.com\/www.lavras24horas.com.br\/portal\/wp-content\/uploads\/2019\/09\/dra.-ana-paula-sentada-Copia.jpg?resize=458%2C271&#038;ssl=1\" alt=\"\" width=\"458\" height=\"271\" \/><\/p>\n<p style=\"text-align: justify;\">A delegada Ana Paula representou pela pris\u00e3o preventiva, a qual foi deferida pelo poder judici\u00e1rio e efetivada nesta quinta-feira, dia 26.<\/p>\n<p style=\"text-align: justify;\">O suspeito de 32 anos encontra-se no Pres\u00eddio de Lavras a disposi\u00e7\u00e3o da Justi\u00e7a.<\/p>\n","protected":false},"excerpt":{"rendered":"<p>&nbsp; &nbsp; Um homem foi preso suspeito e pratica de estupro de vulner\u00e1vel em Lavras. Segundo apurado pela Delegacia de Mulheres, o suspeito teria abusado sexualmente de 4 crian\u00e7as (uma de 12, duas de 10 e uma de 9 anos). A pol\u00edcia informou que duas das crian\u00e7as eram enteadas do suspeito e duas vizinhas dele. [&hellip;]<\/p>\n","protected":false},"author":7,"featured_media":248648,"comment_status":"closed","ping_status":"closed","sticky":false,"template":"","format":"standard","meta":{"advanced_seo_description":"","jetpack_seo_html_title":"","jetpack_seo_noindex":false,"_jetpack_memberships_contains_paid_content":false,"footnotes":""},"categories":[12,4],"tags":[467,466],"class_list":["post-249022","post","type-post","status-publish","format-standard","has-post-thumbnail","hentry","category-destaques-1","category-lavras","tag-automatico","tag-rascunho"],"jetpack_featured_media_url":"https:\/\/i0.wp.com\/www.lavras24horas.com.br\/portal\/wp-content\/uploads\/2019\/09\/fd9f3bef-b37d-428b-8731-67cfd611bee9-Copia.jpg?fit=500%2C375&ssl=1","jetpack_sharing_enabled":true,"jetpack_likes_enabled":true,"_links":{"self":[{"href":"https:\/\/www.lavras24horas.com.br\/portal\/wp-json\/wp\/v2\/posts\/249022","targetHints":{"allow":["GET"]}}],"collection":[{"href":"https:\/\/www.lavras24horas.com.br\/portal\/wp-json\/wp\/v2\/posts"}],"about":[{"href":"https:\/\/www.lavras24horas.com.br\/portal\/wp-json\/wp\/v2\/types\/post"}],"author":[{"embeddable":true,"href":"https:\/\/www.lavras24horas.com.br\/portal\/wp-json\/wp\/v2\/users\/7"}],"replies":[{"embeddable":true,"href":"https:\/\/www.lavras24horas.com.br\/portal\/wp-json\/wp\/v2\/comments?post=249022"}],"version-history":[{"count":7,"href":"https:\/\/www.lavras24horas.com.br\/portal\/wp-json\/wp\/v2\/posts\/249022\/revisions"}],"predecessor-version":[{"id":249066,"href":"https:\/\/www.lavras24horas.com.br\/portal\/wp-json\/wp\/v2\/posts\/249022\/revisions\/249066"}],"wp:featuredmedia":[{"embeddable":true,"href":"https:\/\/www.lavras24horas.com.br\/portal\/wp-json\/wp\/v2\/media\/248648"}],"wp:attachment":[{"href":"https:\/\/www.lavras24horas.com.br\/portal\/wp-json\/wp\/v2\/media?parent=249022"}],"wp:term":[{"taxonomy":"category","embeddable":true,"href":"https:\/\/www.lavras24horas.com.br\/portal\/wp-json\/wp\/v2\/categories?post=249022"},{"taxonomy":"post_tag","embeddable":true,"href":"https:\/\/www.lavras24horas.com.br\/portal\/wp-json\/wp\/v2\/tags?post=249022"}],"curies":[{"name":"wp","href":"https:\/\/api.w.org\/{rel}","templated":true}]}}