{"id":248996,"date":"2019-09-26T12:59:58","date_gmt":"2019-09-26T15:59:58","guid":{"rendered":"https:\/\/www.lavras24horas.com.br\/portal\/?p=248996"},"modified":"2019-10-03T12:08:58","modified_gmt":"2019-10-03T15:08:58","slug":"proclamas-de-casamento-do-cartorio-de-registro-civil-de-lavras-56","status":"publish","type":"post","link":"https:\/\/www.lavras24horas.com.br\/portal\/proclamas-de-casamento-do-cartorio-de-registro-civil-de-lavras-56\/","title":{"rendered":"Proclamas de Casamento do Cart\u00f3rio de Registro Civil de Lavras"},"content":{"rendered":"<p>&nbsp;<\/p>\n<p>&nbsp;<\/p>\n<p style=\"text-align: center;\"><strong>REP\u00daBLICA FEDERATIVA DO BRASIL<\/strong><br \/>\n<strong>ESTADO DE MINAS GERAIS<\/strong><\/p>\n<p style=\"text-align: center;\"><strong>Cart\u00f3rio de Registro Civil Souza Naves<\/strong><br \/>\n<strong>Oficial Titular: J\u00c9SSICA LA\u00cdS BELCHIOR PEREIRA ASSIS<\/strong><\/p>\n<p style=\"text-align: center;\"><strong>Rua Santana, 194-A Centro<\/strong><br \/>\n<strong>37200-000 &#8211; Lavras &#8211; MG<\/strong><\/p>\n<p style=\"text-align: center;\"><strong>Faz saber que pretendem casar-se:<\/strong><\/p>\n<p style=\"text-align: justify;\">011543 &#8211; DIOGO TUBERTINI MACIEL, solteiro, maior, Professor Universit\u00e1rio, natural de Lavras-MG, resid\u00eancia Rua Leo Rog\u00e9rio de Oliveira, 132, 132, Colinas da Serra, Lavras-MG, filho(a) de JORGE ALBERTO MACIEL e CELEIDA MARA TUBERTINI MACIEL; e ELIZA CARVALHO MAIA DE LIMA, solteira, maior, Enfermeira, natural de Lavras-MG, resid\u00eancia Rua Leo Rog\u00e9rio de Oliveira, 132, 132, Colinas da Serra, Lavras-MG, filho(a) de AFONSO CLARET MAIA DE LIMA e LIGIA CARVALHO MAIA DE LIMA;<\/p>\n<p>011544 &#8211; GUIBSON GUILARDUCCI BEZERRA, solteiro, maior, Policial Militar, natural de S\u00e3o Paulo-SP, resid\u00eancia Rua Dr. Otaviano de Carvalho, 460, Monte L\u00edbano III, Lavras-MG, filho(a) de CESAR AUGUSTO DA SILVA BEZERRA e SUELI FATIMA GUILARDUCCI BEZERRA; e BRUNA CARVALHO DA SILVA, solteira, maior, Estudante, natural de Lavras-MG, resid\u00eancia Rua Francisco Andrade de Carvalho, 41, Jardim Gl\u00f3ria, Lavras-MG, filho(a) de RENATO TOBIAS DA SILVA e ANDR\u00c9A CARVALHO DO SACRAMENTO SILVA;<\/p>\n<p>011545 &#8211; RENAULT MOREIRA LIMA NETO, solteiro, maior, Recepcionista, natural de Lavras-MG, resid\u00eancia Avenida Evaristo Gomes Guerra, 135 A, Centro, Lavras-MG, filho(a) de JOS\u00c9 CARLOS LIMA e LUCIA DONIZETTI DE GOES; e NATHALY DE SOUZA SILVA, solteira, maior, Manicure, natural de Lavras-MG, resid\u00eancia Avenida Evaristo Gomes Guerra, 135 A, Centro, Lavras-MG, filho(a) de ROSEMARIO FRAN\u00c7A DA SILVA e ANDREA DE SOUZA REIS SILVA;<\/p>\n<p>011546 &#8211; FELIPE MACEDO CARDOSO DOS SANTOS, solteiro, maior, Banc\u00e1rio, natural de S\u00e3o Paulo-SP, resid\u00eancia Rua dos Aster\u00f3ides, 40, 40, Morada do Sol, Lavras-MG, filho(a) de EDVALDO CARDOSO DOS SANTOS e JANAINA MACEDO OLIVEIRA DOS SANTOS; e J\u00c9SSICA KAROLINE SOUZA DE MORAES, solteira, maior, do lar, natural de Santo Andr\u00e9-SP, resid\u00eancia Rua Evaristo Gomes Guerra, 1111, 1011, Jardim Gl\u00f3ria, Lavras-MG, filho(a) de MARCELO CARLOS DE MORAES e EDINETE BATISTA DE SOUZA;<\/p>\n<p>011547 &#8211; EDUARDA MONIQUE COELHO, solteiro, maior, Aut\u00f4noma, natural de Lavras-MG, resid\u00eancia Rua Comandante Josino, 52, Jardim Floresta, Lavras-MG, filho(a) de EDUARDO COELHO e MARIA DE F\u00c1TIMA ASSIS COELHO; e LUC\u00c9LIA NEVES DE PAULA, solteira, maior, Do lar, natural de Lavras-MG, resid\u00eancia Rua Jos\u00e9 Botelho de Carvalho, 281, \u00c1gua Limpa, Lavras-MG, filho(a) de \u00c9ZIO C\u00c2NDIDO DE PAULA e ELENICE APARECIDA NEVES DE PAULA;<\/p>\n<p>011548 &#8211; BRUNO OT\u00c1VIO ALVES RIBEIRO, solteiro, maior, Servente, natural de Bom Sucesso-MG, resid\u00eancia Rua Jacinto Escorza, 575, Nova Lavras, Lavras-MG, filho(a) de LAURIMAR RIBEIRO e ROZILENE ALVES SILVA RIBEIRO; e ARIELLY CHRISTINA MADALENA, solteira, maior, Do lar, natural de Lavras-MG, resid\u00eancia Rua Jacinto Escorza, 575, Nova Lavras, Lavras-MG, filho(a) de ISAC MADALENA e MARILENE APARECIDA ANAST\u00c1CIO MADALENA;<\/p>\n<p>011549 &#8211; WESLEY EDELSON DA SILVA, solteiro, maior, embalador, natural de Lavras-MG, resid\u00eancia Rua Terezinha Sales, 65, Tipuana II, Lavras-MG, filho(a) de HERNANI AUGUSTO SILVA e CECILIA ROSA SILVA; e JOEMA ALEXANDRA DA SILVA, solteira, maior, auxiliar de servi\u00e7os gerais, natural de Santo Ant\u00f4nio do Amparo-MG, resid\u00eancia Rua Comandante Apolino, 367, Jardim Floresta, Lavras-MG, filho(a) de JOS\u00c9 HON\u00d3RIO DA SILVA e MARIA DE F\u00c1TIMA SILVA;<\/p>\n<p>Os contraentes apresentaram os documentos exigidos pelo art.1525 do C\u00f3digo Civil Brasileiro. Se algu\u00e9m souber de algum impedimento, que os impe\u00e7am de se casar, que o fa\u00e7a na forma da Lei:<\/p>\n<p style=\"text-align: center;\"><strong>Lavras , 26\/09\/2019<\/strong><\/p>\n<p style=\"text-align: center;\"><strong>J\u00c9SSICA LA\u00cdS BELCHIOR PEREIRA ASSIS <\/strong><br \/>\n<strong>Oficial do Registro Civil<\/strong><\/p>\n","protected":false},"excerpt":{"rendered":"<p>&nbsp; &nbsp; REP\u00daBLICA FEDERATIVA DO BRASIL ESTADO DE MINAS GERAIS Cart\u00f3rio de Registro Civil Souza Naves Oficial Titular: J\u00c9SSICA LA\u00cdS BELCHIOR PEREIRA ASSIS Rua Santana, 194-A Centro 37200-000 &#8211; Lavras &#8211; MG Faz saber que pretendem casar-se: 011543 &#8211; DIOGO TUBERTINI MACIEL, solteiro, maior, Professor Universit\u00e1rio, natural de Lavras-MG, resid\u00eancia Rua Leo Rog\u00e9rio de Oliveira, [&hellip;]<\/p>\n","protected":false},"author":7,"featured_media":248997,"comment_status":"closed","ping_status":"closed","sticky":false,"template":"","format":"standard","meta":{"advanced_seo_description":"","jetpack_seo_html_title":"","jetpack_seo_noindex":false,"_jetpack_memberships_contains_paid_content":false,"footnotes":""},"categories":[12,4],"tags":[467,466],"class_list":["post-248996","post","type-post","status-publish","format-standard","has-post-thumbnail","hentry","category-destaques-1","category-lavras","tag-automatico","tag-rascunho"],"jetpack_featured_media_url":"https:\/\/i0.wp.com\/www.lavras24horas.com.br\/portal\/wp-content\/uploads\/2019\/09\/d5fcdda7-54cf-4cbc-aadb-2e0301cd6e3c-4-4.jpg?fit=524%2C350&ssl=1","jetpack_sharing_enabled":true,"jetpack_likes_enabled":true,"_links":{"self":[{"href":"https:\/\/www.lavras24horas.com.br\/portal\/wp-json\/wp\/v2\/posts\/248996","targetHints":{"allow":["GET"]}}],"collection":[{"href":"https:\/\/www.lavras24horas.com.br\/portal\/wp-json\/wp\/v2\/posts"}],"about":[{"href":"https:\/\/www.lavras24horas.com.br\/portal\/wp-json\/wp\/v2\/types\/post"}],"author":[{"embeddable":true,"href":"https:\/\/www.lavras24horas.com.br\/portal\/wp-json\/wp\/v2\/users\/7"}],"replies":[{"embeddable":true,"href":"https:\/\/www.lavras24horas.com.br\/portal\/wp-json\/wp\/v2\/comments?post=248996"}],"version-history":[{"count":2,"href":"https:\/\/www.lavras24horas.com.br\/portal\/wp-json\/wp\/v2\/posts\/248996\/revisions"}],"predecessor-version":[{"id":249009,"href":"https:\/\/www.lavras24horas.com.br\/portal\/wp-json\/wp\/v2\/posts\/248996\/revisions\/249009"}],"wp:featuredmedia":[{"embeddable":true,"href":"https:\/\/www.lavras24horas.com.br\/portal\/wp-json\/wp\/v2\/media\/248997"}],"wp:attachment":[{"href":"https:\/\/www.lavras24horas.com.br\/portal\/wp-json\/wp\/v2\/media?parent=248996"}],"wp:term":[{"taxonomy":"category","embeddable":true,"href":"https:\/\/www.lavras24horas.com.br\/portal\/wp-json\/wp\/v2\/categories?post=248996"},{"taxonomy":"post_tag","embeddable":true,"href":"https:\/\/www.lavras24horas.com.br\/portal\/wp-json\/wp\/v2\/tags?post=248996"}],"curies":[{"name":"wp","href":"https:\/\/api.w.org\/{rel}","templated":true}]}}