{"id":248986,"date":"2019-09-26T12:50:57","date_gmt":"2019-09-26T15:50:57","guid":{"rendered":"https:\/\/www.lavras24horas.com.br\/portal\/?p=248986"},"modified":"2019-09-26T12:50:57","modified_gmt":"2019-09-26T15:50:57","slug":"festa-de-nossa-senhora-das-merces-acontece-neste-sabado-28","status":"publish","type":"post","link":"https:\/\/www.lavras24horas.com.br\/portal\/festa-de-nossa-senhora-das-merces-acontece-neste-sabado-28\/","title":{"rendered":"Festa de Nossa Senhora das Merc\u00eas acontece neste s\u00e1bado (28)"},"content":{"rendered":"<p>&nbsp;<\/p>\n<p><strong>\u00a0<\/strong><\/p>\n<p>A comunidade de Nossa Senhora das Merc\u00eas se prepara para celebrar\u00a0 a festa de sua padroeira.<\/p>\n<p>A programa\u00e7\u00e3o acontece nos dias 25, 26 e 27 deste m\u00eas quando acontece, sempre \u00e0s 19h, o tr\u00edduo preparat\u00f3rio para a festa na capela dedicada \u00e0 padroeira.<\/p>\n<p>A festa no dia 28 ser\u00e1 comemorada \u00e0s 19h no Col\u00e9gio Nossa Senhora de Lourdes com missa e barraquinhas.<\/p>\n","protected":false},"excerpt":{"rendered":"<p>&nbsp; \u00a0 A comunidade de Nossa Senhora das Merc\u00eas se prepara para celebrar\u00a0 a festa de sua padroeira. A programa\u00e7\u00e3o acontece nos dias 25, 26 e 27 deste m\u00eas quando acontece, sempre \u00e0s 19h, o tr\u00edduo preparat\u00f3rio para a festa na capela dedicada \u00e0 padroeira. A festa no dia 28 ser\u00e1 comemorada \u00e0s 19h no [&hellip;]<\/p>\n","protected":false},"author":7,"featured_media":248526,"comment_status":"closed","ping_status":"closed","sticky":false,"template":"","format":"standard","meta":{"advanced_seo_description":"","jetpack_seo_html_title":"","jetpack_seo_noindex":false,"_jetpack_memberships_contains_paid_content":false,"footnotes":""},"categories":[12,4],"tags":[467,466],"class_list":["post-248986","post","type-post","status-publish","format-standard","has-post-thumbnail","hentry","category-destaques-1","category-lavras","tag-automatico","tag-rascunho"],"jetpack_featured_media_url":"https:\/\/i0.wp.com\/www.lavras24horas.com.br\/portal\/wp-content\/uploads\/2019\/09\/grade-igreja-das-merces-2-945x420.jpg?fit=600%2C336&ssl=1","jetpack_sharing_enabled":true,"jetpack_likes_enabled":true,"_links":{"self":[{"href":"https:\/\/www.lavras24horas.com.br\/portal\/wp-json\/wp\/v2\/posts\/248986","targetHints":{"allow":["GET"]}}],"collection":[{"href":"https:\/\/www.lavras24horas.com.br\/portal\/wp-json\/wp\/v2\/posts"}],"about":[{"href":"https:\/\/www.lavras24horas.com.br\/portal\/wp-json\/wp\/v2\/types\/post"}],"author":[{"embeddable":true,"href":"https:\/\/www.lavras24horas.com.br\/portal\/wp-json\/wp\/v2\/users\/7"}],"replies":[{"embeddable":true,"href":"https:\/\/www.lavras24horas.com.br\/portal\/wp-json\/wp\/v2\/comments?post=248986"}],"version-history":[{"count":1,"href":"https:\/\/www.lavras24horas.com.br\/portal\/wp-json\/wp\/v2\/posts\/248986\/revisions"}],"predecessor-version":[{"id":248987,"href":"https:\/\/www.lavras24horas.com.br\/portal\/wp-json\/wp\/v2\/posts\/248986\/revisions\/248987"}],"wp:featuredmedia":[{"embeddable":true,"href":"https:\/\/www.lavras24horas.com.br\/portal\/wp-json\/wp\/v2\/media\/248526"}],"wp:attachment":[{"href":"https:\/\/www.lavras24horas.com.br\/portal\/wp-json\/wp\/v2\/media?parent=248986"}],"wp:term":[{"taxonomy":"category","embeddable":true,"href":"https:\/\/www.lavras24horas.com.br\/portal\/wp-json\/wp\/v2\/categories?post=248986"},{"taxonomy":"post_tag","embeddable":true,"href":"https:\/\/www.lavras24horas.com.br\/portal\/wp-json\/wp\/v2\/tags?post=248986"}],"curies":[{"name":"wp","href":"https:\/\/api.w.org\/{rel}","templated":true}]}}