{"id":248963,"date":"2019-09-25T16:04:40","date_gmt":"2019-09-25T19:04:40","guid":{"rendered":"https:\/\/www.lavras24horas.com.br\/portal\/?p=248963"},"modified":"2019-09-25T16:04:40","modified_gmt":"2019-09-25T19:04:40","slug":"nota-de-falecimento-da-ufla-estudante-emerson-victor-pereira","status":"publish","type":"post","link":"https:\/\/www.lavras24horas.com.br\/portal\/nota-de-falecimento-da-ufla-estudante-emerson-victor-pereira\/","title":{"rendered":"Nota de falecimento da Ufla: estudante Emerson Victor Pereira"},"content":{"rendered":"<p>&nbsp;<\/p>\n<p>&nbsp;<\/p>\n<p style=\"text-align: justify;\">A Universidade Federal de Lavras (UFLA) comunica e lamenta o falecimento de Emerson Victor Pereira, 37 anos, estudante do curso de Letras.<\/p>\n<p style=\"text-align: justify;\">O vel\u00f3rio ocorre hoje (25\/9) no Vel\u00f3rio S\u00e3o Jo\u00e3o Batista e o sepultamento ser\u00e1 \u00e0s 16h30 no Cemit\u00e9rio S\u00e3o Miguel.<\/p>\n","protected":false},"excerpt":{"rendered":"<p>&nbsp; &nbsp; A Universidade Federal de Lavras (UFLA) comunica e lamenta o falecimento de Emerson Victor Pereira, 37 anos, estudante do curso de Letras. O vel\u00f3rio ocorre hoje (25\/9) no Vel\u00f3rio S\u00e3o Jo\u00e3o Batista e o sepultamento ser\u00e1 \u00e0s 16h30 no Cemit\u00e9rio S\u00e3o Miguel.<\/p>\n","protected":false},"author":7,"featured_media":248964,"comment_status":"closed","ping_status":"closed","sticky":false,"template":"","format":"standard","meta":{"advanced_seo_description":"","jetpack_seo_html_title":"","jetpack_seo_noindex":false,"_jetpack_memberships_contains_paid_content":false,"footnotes":""},"categories":[14,4],"tags":[467,466],"class_list":["post-248963","post","type-post","status-publish","format-standard","has-post-thumbnail","hentry","category-destaques-2","category-lavras","tag-automatico","tag-rascunho"],"jetpack_featured_media_url":"https:\/\/i0.wp.com\/www.lavras24horas.com.br\/portal\/wp-content\/uploads\/2019\/09\/luto_439375336.jpg?fit=600%2C400&ssl=1","jetpack_sharing_enabled":true,"jetpack_likes_enabled":true,"_links":{"self":[{"href":"https:\/\/www.lavras24horas.com.br\/portal\/wp-json\/wp\/v2\/posts\/248963","targetHints":{"allow":["GET"]}}],"collection":[{"href":"https:\/\/www.lavras24horas.com.br\/portal\/wp-json\/wp\/v2\/posts"}],"about":[{"href":"https:\/\/www.lavras24horas.com.br\/portal\/wp-json\/wp\/v2\/types\/post"}],"author":[{"embeddable":true,"href":"https:\/\/www.lavras24horas.com.br\/portal\/wp-json\/wp\/v2\/users\/7"}],"replies":[{"embeddable":true,"href":"https:\/\/www.lavras24horas.com.br\/portal\/wp-json\/wp\/v2\/comments?post=248963"}],"version-history":[{"count":1,"href":"https:\/\/www.lavras24horas.com.br\/portal\/wp-json\/wp\/v2\/posts\/248963\/revisions"}],"predecessor-version":[{"id":248965,"href":"https:\/\/www.lavras24horas.com.br\/portal\/wp-json\/wp\/v2\/posts\/248963\/revisions\/248965"}],"wp:featuredmedia":[{"embeddable":true,"href":"https:\/\/www.lavras24horas.com.br\/portal\/wp-json\/wp\/v2\/media\/248964"}],"wp:attachment":[{"href":"https:\/\/www.lavras24horas.com.br\/portal\/wp-json\/wp\/v2\/media?parent=248963"}],"wp:term":[{"taxonomy":"category","embeddable":true,"href":"https:\/\/www.lavras24horas.com.br\/portal\/wp-json\/wp\/v2\/categories?post=248963"},{"taxonomy":"post_tag","embeddable":true,"href":"https:\/\/www.lavras24horas.com.br\/portal\/wp-json\/wp\/v2\/tags?post=248963"}],"curies":[{"name":"wp","href":"https:\/\/api.w.org\/{rel}","templated":true}]}}