{"id":248959,"date":"2019-09-26T07:00:54","date_gmt":"2019-09-26T10:00:54","guid":{"rendered":"https:\/\/www.lavras24horas.com.br\/portal\/?p=248959"},"modified":"2019-09-26T07:15:07","modified_gmt":"2019-09-26T10:15:07","slug":"copasa-esclarece-questao-de-eliminadores-de-ar-e-taxa-de-tratamento-de-esgoto","status":"publish","type":"post","link":"https:\/\/www.lavras24horas.com.br\/portal\/copasa-esclarece-questao-de-eliminadores-de-ar-e-taxa-de-tratamento-de-esgoto\/","title":{"rendered":"Copasa esclarece quest\u00e3o de eliminadores de ar e taxa de tratamento de esgoto"},"content":{"rendered":"<p style=\"text-align: justify;\">Nas \u00faltimas semanas a Companhia de Saneamento de Minas Gerais (Copasa) sofreu diversas cr\u00edticas e questionamentos de usu\u00e1rios do servi\u00e7o da empresa em Lavras.<\/p>\n<p style=\"text-align: justify;\">As principais plataformas de debates foram mais uma vez as redes sociais, onde pipocaram den\u00fancias e noticiais referentes a implanta\u00e7\u00e3o dos eliminadores de ar nos registros das resid\u00eancias, cobran\u00e7a da taxa de tratamento de esgoto, falta de \u00e1gua nos bairros, entre outros problemas.<\/p>\n<p style=\"text-align: justify;\">Para falar sobre eles, a reportagem o <strong>Lavras 24 Horas<\/strong> conversou com o gerente do Distrito Regional da Copasa de Lavras, Jos\u00e9 Eli de Souza, que esclareceu v\u00e1rias d\u00favidas e questionamentos divulgados. Veja:<\/p>\n<p style=\"text-align: justify;\">De acordo com o gerente do Distrito Regional da Companhia de Saneamento de Minas Gerais (Copasa) de Lavras, Jos\u00e9 Eli de Souza, o<\/p>\n<p style=\"text-align: justify;\"><strong>Houve algum tipo de diminui\u00e7\u00e3o do n\u00edvel do Rio Grande e dos ribeir\u00f5es Santa Cruz e \u00c1gua Limpa?<\/strong><\/p>\n<p style=\"text-align: justify;\">Estamos no per\u00edodo da estiagem. Com as chuvas das \u00faltimas horas em Lavras, ameniza-se um pouco o problema. Isso aumenta o volume de \u00e1gua do Rio Grande e dos ribeir\u00f5es \u00c1gua Limpa e Santa Cruz, que s\u00e3o as principais fontes para o tratamento, capta\u00e7\u00e3o e distribui\u00e7\u00e3o de \u00e1gua feita pela Copasa na cidade. Isso representa hoje o percentual de 100% produzido em rela\u00e7\u00e3o \u00e0s necessidades da popula\u00e7\u00e3o. A previs\u00e3o \u00e9 que a partir de outubro as chuvas comecem a ocorrer, o que regulariza a situa\u00e7\u00e3o.<\/p>\n<p style=\"text-align: justify;\"><strong>\u00c9 poss\u00edvel falarmos na necessidade real de um rod\u00edzio de distribui\u00e7\u00e3o de \u00e1gua na cidade?<\/strong><\/p>\n<p style=\"text-align: justify;\">N\u00e3o. O nosso n\u00edvel de produ\u00e7\u00e3o pode atender \u00e0s necessidades da popula\u00e7\u00e3o lavrense. Sempre quando fazemos uma campanha para economizar \u00e1gua, os moradores respondem de forma positiva. Isso ajuda a manter os n\u00edveis dos reservat\u00f3rios. \u00c9 importante que essa economia de \u00e1gua seja cont\u00ednua. A tend\u00eancia \u00e9 que a popula\u00e7\u00e3o da cidade aumente, com isso a produ\u00e7\u00e3o de \u00e1gua tende a diminuir. A Copasa conclui o projeto para fazer a duplica\u00e7\u00e3o da adutora do Rio Grande. S\u00e3o 10 km de extens\u00e3o que liga a nossa esta\u00e7\u00e3o de tratamento \u00e0 Ribeir\u00e3o Vermelho.<\/p>\n<figure id=\"attachment_248961\" aria-describedby=\"caption-attachment-248961\" style=\"width: 500px\" class=\"wp-caption aligncenter\"><img data-recalc-dims=\"1\" fetchpriority=\"high\" decoding=\"async\" data-attachment-id=\"248961\" data-permalink=\"https:\/\/www.lavras24horas.com.br\/portal\/copasa-esclarece-questao-de-eliminadores-de-ar-e-taxa-de-tratamento-de-esgoto\/1-72\/\" data-orig-file=\"https:\/\/i0.wp.com\/www.lavras24horas.com.br\/portal\/wp-content\/uploads\/2019\/09\/1-4.jpg?fit=500%2C375&amp;ssl=1\" data-orig-size=\"500,375\" data-comments-opened=\"0\" data-image-meta=\"{&quot;aperture&quot;:&quot;0&quot;,&quot;credit&quot;:&quot;&quot;,&quot;camera&quot;:&quot;&quot;,&quot;caption&quot;:&quot;&quot;,&quot;created_timestamp&quot;:&quot;0&quot;,&quot;copyright&quot;:&quot;&quot;,&quot;focal_length&quot;:&quot;0&quot;,&quot;iso&quot;:&quot;0&quot;,&quot;shutter_speed&quot;:&quot;0&quot;,&quot;title&quot;:&quot;&quot;,&quot;orientation&quot;:&quot;0&quot;}\" data-image-title=\"1\" data-image-description=\"\" data-image-caption=\"&lt;p&gt;O gerente do Distrito Regional da Copasa de Lavras, Jos\u00e9 Eli de Souza.&lt;\/p&gt;\n\" data-large-file=\"https:\/\/i0.wp.com\/www.lavras24horas.com.br\/portal\/wp-content\/uploads\/2019\/09\/1-4.jpg?fit=440%2C330&amp;ssl=1\" class=\"wp-image-248961 size-full\" src=\"https:\/\/i0.wp.com\/www.lavras24horas.com.br\/portal\/wp-content\/uploads\/2019\/09\/1-4.jpg?resize=500%2C375&#038;ssl=1\" alt=\"\" width=\"500\" height=\"375\" srcset=\"https:\/\/i0.wp.com\/www.lavras24horas.com.br\/portal\/wp-content\/uploads\/2019\/09\/1-4.jpg?w=500&amp;ssl=1 500w, https:\/\/i0.wp.com\/www.lavras24horas.com.br\/portal\/wp-content\/uploads\/2019\/09\/1-4.jpg?resize=440%2C330&amp;ssl=1 440w\" sizes=\"(max-width: 500px) 100vw, 500px\" \/><figcaption id=\"caption-attachment-248961\" class=\"wp-caption-text\">O gerente do Distrito Regional da Copasa de Lavras, Jos\u00e9 Eli de Souza.<\/figcaption><\/figure>\n<p style=\"text-align: justify;\"><strong>Qual o posicionamento da Copasa frente \u00e0 instala\u00e7\u00e3o de eliminadores de ar nas resid\u00eancias dos usu\u00e1rios de Lavras?<\/strong><\/p>\n<p style=\"text-align: justify;\">Sabemos da exist\u00eancia da Lei Municipal 4.447\/2018, que obriga que a Copasa instale os eliminadores de ar nas resid\u00eancias dos consumidores. No entanto, a Ag\u00eancia Reguladora de Servi\u00e7os de Abastecimento de Agua e de Esgotamento Sanit\u00e1rio do Estado de Minas Gerais (ARSAE-MG), determina que a Copasa deva fornecer o servi\u00e7o de instala\u00e7\u00e3o do aparelho, mas a compra deve ser feita por cada consumidor. Os eliminadores de ar tamb\u00e9m precisam ser homologados pela Universidade Federal de Itajub\u00e1 (UNIFEI) e Universidade Federal de Minas Gerais (UFMG). \u00a0A Copasa entrou com uma liminar na 1\u00aa inst\u00e2ncia e conseguiu suspender temporariamente os efeitos da Lei. A empresa aguarda o resultado deste julgamento.<\/p>\n<p style=\"text-align: justify;\"><strong>Muitos moradores reclamam da falta de comunica\u00e7\u00e3o da empresa quando surge um eventual problema que provoca o abastecimento de \u00e1gua na cidade. Isso procede? <\/strong><\/p>\n<p style=\"text-align: justify;\">Determinadas situa\u00e7\u00f5es, como o rompimento de uma adutora, podem acontecer de uma hora para outra. N\u00e3o h\u00e1 como a gente prever. No caso dos efeitos negativos da estiagem nossa \u00e1rea de comunica\u00e7\u00e3o pode informar os meios de comunica\u00e7\u00e3o e os cidad\u00e3os sobre o problema.<\/p>\n<p style=\"text-align: justify;\"><strong>Muitos moradores tamb\u00e9m se queixado do pre\u00e7o cobrado pelo servi\u00e7o do tratamento do esgoto. Esses valores condizem coma realidade do munic\u00edpio? <\/strong><\/p>\n<p style=\"text-align: justify;\">Quem estabelece os valores da tarifa \u00e9 a ARSAE-MG, n\u00e3o a Copasa. No caso de Lavras, quem tem o esgoto tratado, o morador paga em torno de 92,5% referente \u00e0 tarifa de \u00e1gua. \u00a0A Copasa s\u00f3 faz cumprir o que estabelece a ARSAE-MG.<\/p>\n<p style=\"text-align: justify;\"><strong>H\u00e1 den\u00fancias de que o esgoto n\u00e3o estaria sendo tratado na cidade, sendo que a taxa de tratamento \u00e9 cobrada pela empresa. Chegou-se mesmo a divulgar uma foto em que o esgoto \u00e9 lan\u00e7ado em um ribeir\u00e3o da cidade. Isso procedesse? <\/strong><\/p>\n<p style=\"text-align: justify;\">O esgoto pode vir a ser lan\u00e7ado no ribeir\u00e3o quando a resid\u00eancia fica localizada abaixo da linha coletora da Copasa. Neste caso, a empresa n\u00e3o pode obrigar o usu\u00e1rio a conectar sua rede \u00e1 nossa. Para que isso seja feito tamb\u00e9m \u00e9 preciso que haja um bombeamento para a rede da Copasa. Isso \u00e9 uma determina\u00e7\u00e3o da ARSAE-MG. O trabalho de tratamento de esgoto da Copasa, no entanto, vem sendo feito na cidade.<\/p>\n<p style=\"text-align: justify;\">\n","protected":false},"excerpt":{"rendered":"<p>Nas \u00faltimas semanas a Companhia de Saneamento de Minas Gerais (Copasa) sofreu diversas cr\u00edticas e questionamentos de usu\u00e1rios do servi\u00e7o da empresa em Lavras. As principais plataformas de debates foram mais uma vez as redes sociais, onde pipocaram den\u00fancias e noticiais referentes a implanta\u00e7\u00e3o dos eliminadores de ar nos registros das resid\u00eancias, cobran\u00e7a da taxa [&hellip;]<\/p>\n","protected":false},"author":7,"featured_media":248960,"comment_status":"closed","ping_status":"closed","sticky":false,"template":"","format":"standard","meta":{"advanced_seo_description":"","jetpack_seo_html_title":"","jetpack_seo_noindex":false,"_jetpack_memberships_contains_paid_content":false,"footnotes":""},"categories":[13077,4],"tags":[467,466],"class_list":["post-248959","post","type-post","status-publish","format-standard","has-post-thumbnail","hentry","category-laterais-2","category-lavras","tag-automatico","tag-rascunho"],"jetpack_featured_media_url":"https:\/\/i0.wp.com\/www.lavras24horas.com.br\/portal\/wp-content\/uploads\/2019\/09\/fb601d01-7a15-4f94-9714-f117fe6a51a6-Copia.jpg?fit=500%2C375&ssl=1","jetpack_sharing_enabled":true,"jetpack_likes_enabled":true,"_links":{"self":[{"href":"https:\/\/www.lavras24horas.com.br\/portal\/wp-json\/wp\/v2\/posts\/248959","targetHints":{"allow":["GET"]}}],"collection":[{"href":"https:\/\/www.lavras24horas.com.br\/portal\/wp-json\/wp\/v2\/posts"}],"about":[{"href":"https:\/\/www.lavras24horas.com.br\/portal\/wp-json\/wp\/v2\/types\/post"}],"author":[{"embeddable":true,"href":"https:\/\/www.lavras24horas.com.br\/portal\/wp-json\/wp\/v2\/users\/7"}],"replies":[{"embeddable":true,"href":"https:\/\/www.lavras24horas.com.br\/portal\/wp-json\/wp\/v2\/comments?post=248959"}],"version-history":[{"count":4,"href":"https:\/\/www.lavras24horas.com.br\/portal\/wp-json\/wp\/v2\/posts\/248959\/revisions"}],"predecessor-version":[{"id":248982,"href":"https:\/\/www.lavras24horas.com.br\/portal\/wp-json\/wp\/v2\/posts\/248959\/revisions\/248982"}],"wp:featuredmedia":[{"embeddable":true,"href":"https:\/\/www.lavras24horas.com.br\/portal\/wp-json\/wp\/v2\/media\/248960"}],"wp:attachment":[{"href":"https:\/\/www.lavras24horas.com.br\/portal\/wp-json\/wp\/v2\/media?parent=248959"}],"wp:term":[{"taxonomy":"category","embeddable":true,"href":"https:\/\/www.lavras24horas.com.br\/portal\/wp-json\/wp\/v2\/categories?post=248959"},{"taxonomy":"post_tag","embeddable":true,"href":"https:\/\/www.lavras24horas.com.br\/portal\/wp-json\/wp\/v2\/tags?post=248959"}],"curies":[{"name":"wp","href":"https:\/\/api.w.org\/{rel}","templated":true}]}}