{"id":248957,"date":"2019-09-26T07:00:16","date_gmt":"2019-09-26T10:00:16","guid":{"rendered":"https:\/\/www.lavras24horas.com.br\/portal\/?p=248957"},"modified":"2019-09-26T07:12:44","modified_gmt":"2019-09-26T10:12:44","slug":"lavras-veja-os-cursos-gratuitos-do-sistema-faemg-senar-minas","status":"publish","type":"post","link":"https:\/\/www.lavras24horas.com.br\/portal\/lavras-veja-os-cursos-gratuitos-do-sistema-faemg-senar-minas\/","title":{"rendered":"Lavras: Veja os cursos gratuitos do Sistema Faemg \/ Senar MINAS"},"content":{"rendered":"<p>&nbsp;<\/p>\n<p>&nbsp;<\/p>\n<p style=\"font-weight: 400; text-align: center;\"><strong><em>AGENDA \u2013 30\/09 a 06\/10\/2019<\/em><\/strong><\/p>\n<p style=\"font-weight: 400;\"><strong><em>Programa\u00e7\u00e3o de Treinamentos do Escrit\u00f3rio Senar\/MG &#8211; Regional Lavras<\/em><\/strong><\/p>\n<p style=\"font-weight: 400;\"><strong><em><u>FORMA\u00c7\u00c3O PROFISSIONAL RURAL<\/u><\/em><\/strong><\/p>\n<p style=\"font-weight: 400;\"><strong>CURSO OPERADOR DE ESCAVADEIRA \/ RETROESCAVADEIRA \/ 40H<\/strong><\/p>\n<p style=\"font-weight: 400;\">Data: 30\/09 a 04\/10\/2019<\/p>\n<p style=\"font-weight: 400;\">Contato: Associa\u00e7\u00e3o S\u00e3o Sebasti\u00e3o dos Campos \/ Senador Amaral \u2013 Tel.: (35) 3437-1107<\/p>\n<p style=\"font-weight: 400;\"><strong>CURSO OPERADOR DE MOTONIVELADORA<\/strong><\/p>\n<p style=\"font-weight: 400;\">Data: 30\/09 a 02\/10\/2019<\/p>\n<p style=\"font-weight: 400;\">Contato: Sind. Trab. Rurais, Ass. e Agricultores Fam. Mun. S\u00e3o Francisco de Paula \u2013 Tel.: (37) 3332-1380<\/p>\n<p style=\"font-weight: 400;\"><strong>CURSO MANEJO INTEGRADO DE PRAGAS E DOEN\u00c7AS \u2013 MIP&amp;D<\/strong><\/p>\n<p style=\"font-weight: 400;\">Data: 30\/09 a 02\/10\/2019<\/p>\n<p style=\"font-weight: 400;\">Contato: Sindicato dos Produtores Rurais de Lambari \u2013 Tel.: (35) 3271-6505,<\/p>\n<p style=\"font-weight: 400;\"><strong>CURSO DE PRODUTOS DERIVADOS DO LEITE \/ B\u00c1SICO<\/strong><\/p>\n<p style=\"font-weight: 400;\">Data: 30\/09 a 04\/10\/2019<\/p>\n<p style=\"font-weight: 400;\">Contato: Sindicato dos Produtores Rurais de Pouso Alegre \u2013 Tel.: (35) 3423-4932<\/p>\n<p style=\"font-weight: 400;\"><strong>CURSO TURISMO RURAL \/ A ARTE DE CONDUZIR EM TRILHAS E ROTEIROS<\/strong><\/p>\n<p style=\"font-weight: 400;\">Data: 01\/10 a 04\/10\/2019<\/p>\n<p style=\"font-weight: 400;\">Contato: Sindicato dos Produtores Rurais de Concei\u00e7\u00e3o do Rio Verde \u2013 Tel.: (35) 3335-1066<\/p>\n<p style=\"font-weight: 400;\"><strong>PROGRAMA AGENTE DO TURISMO RURAL \u2013 MEIOS DE HOSPEDAGEM E SERVI\u00c7OS DE ALIMENTA\u00c7\u00c3O \u2013 M\u00d3D. 05<\/strong><\/p>\n<p style=\"font-weight: 400;\">Data: 30\/09 a 04\/10\/2019<\/p>\n<p style=\"font-weight: 400;\">Contato: Sindicato dos Produtores Rurais de Campo Belo \u2013 Tel.: (35) 3605-3932<\/p>\n<p style=\"font-weight: 400;\"><strong>PROGRAMA JOVEM NO CAMPO \u2013 COGUMELO CHAMPIGNON, MEDICINAL E PORTO BELLO \u2013 IMPLANTA\u00c7\u00c3O \u00c0 COLHEITA \u2013 40H<\/strong><\/p>\n<p style=\"font-weight: 400;\">Data: 30\/09 a 11\/10\/2019 (02 turmas)<\/p>\n<p style=\"font-weight: 400;\">Contato: Sindicato dos Produtores Rurais de Santo Ant\u00f4nio do Amparo \u2013 Tel.: (35) 99924-0603<\/p>\n<p style=\"font-weight: 400;\"><strong>CURSO DE CLASSIFICA\u00c7\u00c3O E DEGUSTA\u00c7\u00c3O DE CAF\u00c9<\/strong><\/p>\n<p style=\"font-weight: 400;\">Data: 30\/09 a 04\/10\/2019<\/p>\n<p style=\"font-weight: 400;\">Contato: Funda\u00e7\u00e3o Carlos Silv\u00e9rio da Rocha \/ Inconfidentes \u2013 Tel.: (35) 3464-1328<\/p>\n<p style=\"font-weight: 400;\"><strong>CURSO DE CLASSIFICA\u00c7\u00c3O E DEGUSTA\u00c7\u00c3O DE CAFES ESPECIAIS<\/strong><\/p>\n<p style=\"font-weight: 400;\">Data: 30\/09 a 04\/10\/2019<\/p>\n<p style=\"font-weight: 400;\">Contato: Sindicato dos Produtores Rurais de Santana da Vargem \u2013 Tel.: (35) 3858-1208<\/p>\n<p style=\"font-weight: 400;\"><strong>CURSO DE SOLDA (ARCO EL\u00c9TRICO) \/ COM ELETRODO REVESTIDO<\/strong><\/p>\n<p style=\"font-weight: 400;\">Data: 30\/09 a 02\/10\/2019<\/p>\n<p style=\"font-weight: 400;\">Contato: Sindicato dos Produtores Rurais de Tr\u00eas Pontas \u2013 Tel.: (35) 3265-1664<\/p>\n<p style=\"font-weight: 400;\"><strong>CURSO DE DRONE (ASA ROTATIVA) \/ OPERA\u00c7\u00d5ES B\u00c1SICAS<\/strong><\/p>\n<p style=\"font-weight: 400;\">Data: 30\/09 a 02\/10\/2019<\/p>\n<p style=\"font-weight: 400;\">Contato: Sindicato dos Produtores Rurais de Tr\u00eas Pontas \u2013 Tel.: (35) 3265-1664<\/p>\n<p style=\"font-weight: 400;\"><strong>CURSO DE TRATOR \/ MANUTEN\u00c7\u00c3O E OPERA\u00c7\u00c3O COM UM IMPLEMENTO<\/strong><\/p>\n<p style=\"font-weight: 400;\">Data: 30\/09 a 04\/10\/2019; 01\/10 a 05\/10\/2019<\/p>\n<p style=\"font-weight: 400;\">Contato: Sindicato dos Produtores Rurais de Carmo da Cachoeira \u2013 Tel.: (35) 98861-2126<\/p>\n<p style=\"font-weight: 400;\">Contato: Sindicato dos Produtores Rurais de Boa Esperan\u00e7a \u2013 Tel.: (35) 3851-1977<\/p>\n<p style=\"font-weight: 400;\"><strong>CURSO DE QUALIDADE DO LEITE<\/strong><\/p>\n<p style=\"font-weight: 400;\">Data: 30\/09 a 02\/10\/2019; 01\/10 a 03\/10\/2019<\/p>\n<p style=\"font-weight: 400;\">Contato: AGRIFAM \/ Nat\u00e9rcia \u2013 Tel.: (35) 99827-9347<\/p>\n<p style=\"font-weight: 400;\">Contato: Sindicato dos Produtores Rurais de Pouso Alto \u2013 Tel.: (35) 3364-1320<\/p>\n<p style=\"font-weight: 400;\"><strong>CURSO DE EQUITA\u00c7\u00c3O<\/strong><\/p>\n<p style=\"font-weight: 400;\">Data: 30\/09 a 03\/10\/2019<\/p>\n<p style=\"font-weight: 400;\">Contato: Sindicato dos Produtores Rurais de Pedralva \u2013 Tel.: (35) 3663-1100<\/p>\n<p style=\"font-weight: 400;\"><strong>CURSO DE DEFENSIVO AGR\u00cdCOLA \/ MANUAL<\/strong><\/p>\n<p style=\"font-weight: 400;\">Data: 30\/09 a 02\/10\/2019<\/p>\n<p style=\"font-weight: 400;\">Contato: Cooperativa dos Morangueiros Pantanense de Pouso Alegre \u2013 Tel.: (35) 3427-1073<\/p>\n<p style=\"font-weight: 400;\"><strong>CURSO DE DEFENSIVO AGR\u00cdCOLA \/ MANUAL E TRATORIZADO<\/strong><\/p>\n<p style=\"font-weight: 400;\">Data: 30\/09 a 03\/10\/2019<\/p>\n<p style=\"font-weight: 400;\">Contato: Sindicato dos Produtores Rurais de Santo Ant\u00f4nio do Amparo \u2013 Tel.: (35) 99924-0603<\/p>\n<p style=\"font-weight: 400;\">Contato: Sindicato dos Produtores Rurais de Varginha \u2013 Tel.: (35) 3212-2417<\/p>\n<p style=\"font-weight: 400;\"><strong>CURSO DE DERRI\u00c7ADORA<\/strong><\/p>\n<p style=\"font-weight: 400;\">Data: 30\/09 a 01\/10\/2019<\/p>\n<p style=\"font-weight: 400;\">Contato: Sindicato dos Produtores Rurais de Lambari \u2013 Tel.: (35) 3271-6505<\/p>\n<p style=\"font-weight: 400;\"><strong>CURSO DE SEGURAN\u00c7A NO TRABALHO \/ CIPATR<\/strong><\/p>\n<p style=\"font-weight: 400;\">Data: 02\/10 a 04\/10\/2019<\/p>\n<p style=\"font-weight: 400;\">Contato: Sindicato dos Produtores Rurais de Lavras \u2013 Tel.: (35) 99917-2482<\/p>\n<p style=\"font-weight: 400;\"><strong>CURSO DE CUSTOS DE PRODU\u00c7\u00c3O<\/strong><\/p>\n<p style=\"font-weight: 400;\">Data: 30\/09 a 04\/10\/2019<\/p>\n<p style=\"font-weight: 400;\">Contato: Sindicato dos Produtores Rurais de Santo Ant\u00f4nio do Amparo \u2013 Tel.: (35) 99924-0603<\/p>\n<p style=\"font-weight: 400;\"><strong><em><u>PROMO\u00c7\u00c3O SOCIAL<\/u><\/em><\/strong><\/p>\n<p style=\"font-weight: 400;\"><strong><em><u>\u00a0<\/u><\/em><\/strong><\/p>\n<p style=\"font-weight: 400;\"><strong>PLANEJAMENTO DE CARD\u00c1PIO<\/strong><\/p>\n<p style=\"font-weight: 400;\">Data: 30\/09 a 04\/10\/2019<\/p>\n<p style=\"font-weight: 400;\">Contato: Sindicato dos Produtores Rurais de Tr\u00eas Cora\u00e7\u00f5es \u2013 Tel.: (35) 3231-1520<\/p>\n<p style=\"font-weight: 400;\"><strong>PRODU\u00c7\u00c3O ARTESANAL DE SALGADOS E DOCES DE FESTA<\/strong><\/p>\n<p style=\"font-weight: 400;\">Data: 30\/09 a 04\/10\/2019 (02 turmas)<\/p>\n<p style=\"font-weight: 400;\">Contato: Sindicato dos Produtores Rurais de Monte Si\u00e3o \u2013 Tel.: (35) 3465-1075<\/p>\n<p style=\"font-weight: 400;\"><strong>SOS PRIMEIROS SOCORROS NAS ESCOLAS<\/strong><\/p>\n<p style=\"font-weight: 400;\">Data: 30\/09\/2019<\/p>\n<p style=\"font-weight: 400;\">Contato: Sindicato dos Produtores Rurais de Concei\u00e7\u00e3o do Rio Verde \u2013 Tel.: (35) 3335-1066<\/p>\n","protected":false},"excerpt":{"rendered":"<p>&nbsp; &nbsp; AGENDA \u2013 30\/09 a 06\/10\/2019 Programa\u00e7\u00e3o de Treinamentos do Escrit\u00f3rio Senar\/MG &#8211; Regional Lavras FORMA\u00c7\u00c3O PROFISSIONAL RURAL CURSO OPERADOR DE ESCAVADEIRA \/ RETROESCAVADEIRA \/ 40H Data: 30\/09 a 04\/10\/2019 Contato: Associa\u00e7\u00e3o S\u00e3o Sebasti\u00e3o dos Campos \/ Senador Amaral \u2013 Tel.: (35) 3437-1107 CURSO OPERADOR DE MOTONIVELADORA Data: 30\/09 a 02\/10\/2019 Contato: Sind. Trab. [&hellip;]<\/p>\n","protected":false},"author":7,"featured_media":248300,"comment_status":"closed","ping_status":"closed","sticky":false,"template":"","format":"standard","meta":{"advanced_seo_description":"","jetpack_seo_html_title":"","jetpack_seo_noindex":false,"_jetpack_memberships_contains_paid_content":false,"footnotes":""},"categories":[14,4],"tags":[467,466],"class_list":["post-248957","post","type-post","status-publish","format-standard","has-post-thumbnail","hentry","category-destaques-2","category-lavras","tag-automatico","tag-rascunho"],"jetpack_featured_media_url":"https:\/\/i0.wp.com\/www.lavras24horas.com.br\/portal\/wp-content\/uploads\/2019\/09\/09c747dba87ad67735647d80290c6898.jpg?fit=500%2C281&ssl=1","jetpack_sharing_enabled":true,"jetpack_likes_enabled":true,"_links":{"self":[{"href":"https:\/\/www.lavras24horas.com.br\/portal\/wp-json\/wp\/v2\/posts\/248957","targetHints":{"allow":["GET"]}}],"collection":[{"href":"https:\/\/www.lavras24horas.com.br\/portal\/wp-json\/wp\/v2\/posts"}],"about":[{"href":"https:\/\/www.lavras24horas.com.br\/portal\/wp-json\/wp\/v2\/types\/post"}],"author":[{"embeddable":true,"href":"https:\/\/www.lavras24horas.com.br\/portal\/wp-json\/wp\/v2\/users\/7"}],"replies":[{"embeddable":true,"href":"https:\/\/www.lavras24horas.com.br\/portal\/wp-json\/wp\/v2\/comments?post=248957"}],"version-history":[{"count":2,"href":"https:\/\/www.lavras24horas.com.br\/portal\/wp-json\/wp\/v2\/posts\/248957\/revisions"}],"predecessor-version":[{"id":248981,"href":"https:\/\/www.lavras24horas.com.br\/portal\/wp-json\/wp\/v2\/posts\/248957\/revisions\/248981"}],"wp:featuredmedia":[{"embeddable":true,"href":"https:\/\/www.lavras24horas.com.br\/portal\/wp-json\/wp\/v2\/media\/248300"}],"wp:attachment":[{"href":"https:\/\/www.lavras24horas.com.br\/portal\/wp-json\/wp\/v2\/media?parent=248957"}],"wp:term":[{"taxonomy":"category","embeddable":true,"href":"https:\/\/www.lavras24horas.com.br\/portal\/wp-json\/wp\/v2\/categories?post=248957"},{"taxonomy":"post_tag","embeddable":true,"href":"https:\/\/www.lavras24horas.com.br\/portal\/wp-json\/wp\/v2\/tags?post=248957"}],"curies":[{"name":"wp","href":"https:\/\/api.w.org\/{rel}","templated":true}]}}