{"id":248947,"date":"2019-09-25T13:17:57","date_gmt":"2019-09-25T16:17:57","guid":{"rendered":"https:\/\/www.lavras24horas.com.br\/portal\/?p=248947"},"modified":"2019-09-25T13:17:57","modified_gmt":"2019-09-25T16:17:57","slug":"usina-do-funil-vai-realizar-simulado-de-rompimento-da-barragem","status":"publish","type":"post","link":"https:\/\/www.lavras24horas.com.br\/portal\/usina-do-funil-vai-realizar-simulado-de-rompimento-da-barragem\/","title":{"rendered":"Usina do Funil vai realizar Simulado de Rompimento da Barragem"},"content":{"rendered":"<p>&nbsp;<\/p>\n<p style=\"text-align: justify;\">A Usina do Funil, localizada entre os munic\u00edpios de Lavras e Perd\u00f5es, vai realizar o Simulado de Rompimento da Barragem, no dia 26 de outubro de 2019, na cidade de Ribeir\u00e3o de Vermelho.<\/p>\n<p style=\"text-align: justify;\">\nRibeir\u00e3o Vermelho e o bairro Niter\u00f3i, munic\u00edpio de Lavras, s\u00e3o os locais onde ocorrer\u00e1 o simulado. Essa regi\u00e3o fica a jusante da Usina e mais pr\u00f3xima da barragem, sendo que se houver rompimento ser\u00e3o os primeiros locais a serem atingidos.<\/p>\n<p style=\"text-align: justify;\">\nA prepara\u00e7\u00e3o para o simulado come\u00e7ou em 2017 em cumprimento \u00e0 lei 12.334 de 2010, que estabelece a Pol\u00edtica Nacional de Seguran\u00e7a de Barragens e a resolu\u00e7\u00e3o normativa n\u00ba 696 da ANEEL (Ag\u00eancia Nacional de Energia El\u00e9trica, que classificou as usinas hidrel\u00e9tricas do Brasil para apresentarem o PAE (Plano de A\u00e7\u00e3o de Emerg\u00eancia) aos munic\u00edpios de sua responsabilidade.<\/p>\n<p><img data-recalc-dims=\"1\" fetchpriority=\"high\" decoding=\"async\" data-attachment-id=\"248949\" data-permalink=\"https:\/\/www.lavras24horas.com.br\/portal\/usina-do-funil-vai-realizar-simulado-de-rompimento-da-barragem\/0dda9209-43ba-4287-a1cd-206a8d29929b\/\" data-orig-file=\"https:\/\/i0.wp.com\/www.lavras24horas.com.br\/portal\/wp-content\/uploads\/2019\/09\/0dda9209-43ba-4287-a1cd-206a8d29929b.jpg?fit=500%2C333&amp;ssl=1\" data-orig-size=\"500,333\" data-comments-opened=\"0\" data-image-meta=\"{&quot;aperture&quot;:&quot;0&quot;,&quot;credit&quot;:&quot;&quot;,&quot;camera&quot;:&quot;&quot;,&quot;caption&quot;:&quot;&quot;,&quot;created_timestamp&quot;:&quot;0&quot;,&quot;copyright&quot;:&quot;&quot;,&quot;focal_length&quot;:&quot;0&quot;,&quot;iso&quot;:&quot;0&quot;,&quot;shutter_speed&quot;:&quot;0&quot;,&quot;title&quot;:&quot;&quot;,&quot;orientation&quot;:&quot;0&quot;}\" data-image-title=\"0dda9209-43ba-4287-a1cd-206a8d29929b\" data-image-description=\"\" data-image-caption=\"\" data-large-file=\"https:\/\/i0.wp.com\/www.lavras24horas.com.br\/portal\/wp-content\/uploads\/2019\/09\/0dda9209-43ba-4287-a1cd-206a8d29929b.jpg?fit=495%2C330&amp;ssl=1\" class=\"aligncenter wp-image-248949 size-full\" src=\"https:\/\/i0.wp.com\/www.lavras24horas.com.br\/portal\/wp-content\/uploads\/2019\/09\/0dda9209-43ba-4287-a1cd-206a8d29929b.jpg?resize=500%2C333&#038;ssl=1\" alt=\"\" width=\"500\" height=\"333\" srcset=\"https:\/\/i0.wp.com\/www.lavras24horas.com.br\/portal\/wp-content\/uploads\/2019\/09\/0dda9209-43ba-4287-a1cd-206a8d29929b.jpg?w=500&amp;ssl=1 500w, https:\/\/i0.wp.com\/www.lavras24horas.com.br\/portal\/wp-content\/uploads\/2019\/09\/0dda9209-43ba-4287-a1cd-206a8d29929b.jpg?resize=495%2C330&amp;ssl=1 495w\" sizes=\"(max-width: 500px) 100vw, 500px\" \/><\/p>\n<p style=\"text-align: justify;\">\nForam realizadas at\u00e9 agora reuni\u00f5es organizadas pelo grupo de trabalho formado por: representantes da Alian\u00e7a Energia, que tem a concess\u00e3o da explora\u00e7\u00e3o da Usina do Funil; Cedec-MG, representada pelo agente regional de Prote\u00e7\u00e3o e Defesa Civil Sub Ten PM Cl\u00e9bio Wander Ribeiro, Bombeiros Militares-MG, Compdec (Coordenadoria Municipal de Prote\u00e7\u00e3o e Defesa Civil) dos munic\u00edpios de Ribeir\u00e3o Vermelho, Campo Belo, Perd\u00f5es, Lavras, Nepomuceno e Cana Verde.<\/p>\n<p style=\"text-align: justify;\">Foram cumpridas determinadas fases at\u00e9 chegar a hora do simulado: Apresenta\u00e7\u00e3o do PAE aos munic\u00edpios, estudo da mancha de inunda\u00e7\u00e3o, cadastramento de todas as pessoas que residem dentro da mancha especificada, identifica\u00e7\u00e3o da rota de fuga e ponto de encontro, reuni\u00f5es com as comunidades para dar conhecimento e explica\u00e7\u00f5es sobre a seguran\u00e7a da barragem, reuni\u00f5es com l\u00edderes comunit\u00e1rios da regi\u00e3o e comunidade para apresenta\u00e7\u00e3o do PAE.<\/p>\n<p style=\"text-align: justify;\">A Anell tranquiliza a popula\u00e7\u00e3o atrav\u00e9s da classifica\u00e7\u00e3o da Usina do Funil, que \u00e9 considerada de RISCO BAIXO.<\/p>\n<p>&nbsp;<\/p>\n<p>Fonte: Aureliano Borges<\/p>\n","protected":false},"excerpt":{"rendered":"<p>&nbsp; A Usina do Funil, localizada entre os munic\u00edpios de Lavras e Perd\u00f5es, vai realizar o Simulado de Rompimento da Barragem, no dia 26 de outubro de 2019, na cidade de Ribeir\u00e3o de Vermelho. Ribeir\u00e3o Vermelho e o bairro Niter\u00f3i, munic\u00edpio de Lavras, s\u00e3o os locais onde ocorrer\u00e1 o simulado. Essa regi\u00e3o fica a jusante [&hellip;]<\/p>\n","protected":false},"author":7,"featured_media":248948,"comment_status":"closed","ping_status":"closed","sticky":false,"template":"","format":"standard","meta":{"advanced_seo_description":"","jetpack_seo_html_title":"","jetpack_seo_noindex":false,"_jetpack_memberships_contains_paid_content":false,"footnotes":""},"categories":[12,4],"tags":[467,466],"class_list":["post-248947","post","type-post","status-publish","format-standard","has-post-thumbnail","hentry","category-destaques-1","category-lavras","tag-automatico","tag-rascunho"],"jetpack_featured_media_url":"https:\/\/i0.wp.com\/www.lavras24horas.com.br\/portal\/wp-content\/uploads\/2019\/09\/2cf179d1-6832-4e70-b523-c3fde9546232-Copia.jpg?fit=500%2C375&ssl=1","jetpack_sharing_enabled":true,"jetpack_likes_enabled":true,"_links":{"self":[{"href":"https:\/\/www.lavras24horas.com.br\/portal\/wp-json\/wp\/v2\/posts\/248947","targetHints":{"allow":["GET"]}}],"collection":[{"href":"https:\/\/www.lavras24horas.com.br\/portal\/wp-json\/wp\/v2\/posts"}],"about":[{"href":"https:\/\/www.lavras24horas.com.br\/portal\/wp-json\/wp\/v2\/types\/post"}],"author":[{"embeddable":true,"href":"https:\/\/www.lavras24horas.com.br\/portal\/wp-json\/wp\/v2\/users\/7"}],"replies":[{"embeddable":true,"href":"https:\/\/www.lavras24horas.com.br\/portal\/wp-json\/wp\/v2\/comments?post=248947"}],"version-history":[{"count":1,"href":"https:\/\/www.lavras24horas.com.br\/portal\/wp-json\/wp\/v2\/posts\/248947\/revisions"}],"predecessor-version":[{"id":248950,"href":"https:\/\/www.lavras24horas.com.br\/portal\/wp-json\/wp\/v2\/posts\/248947\/revisions\/248950"}],"wp:featuredmedia":[{"embeddable":true,"href":"https:\/\/www.lavras24horas.com.br\/portal\/wp-json\/wp\/v2\/media\/248948"}],"wp:attachment":[{"href":"https:\/\/www.lavras24horas.com.br\/portal\/wp-json\/wp\/v2\/media?parent=248947"}],"wp:term":[{"taxonomy":"category","embeddable":true,"href":"https:\/\/www.lavras24horas.com.br\/portal\/wp-json\/wp\/v2\/categories?post=248947"},{"taxonomy":"post_tag","embeddable":true,"href":"https:\/\/www.lavras24horas.com.br\/portal\/wp-json\/wp\/v2\/tags?post=248947"}],"curies":[{"name":"wp","href":"https:\/\/api.w.org\/{rel}","templated":true}]}}