{"id":248941,"date":"2019-09-25T13:05:22","date_gmt":"2019-09-25T16:05:22","guid":{"rendered":"https:\/\/www.lavras24horas.com.br\/portal\/?p=248941"},"modified":"2019-09-25T13:05:22","modified_gmt":"2019-09-25T16:05:22","slug":"circuito-ferroviario-vale-verde-recupera-locomotiva-que-foi-usada-em-lavras","status":"publish","type":"post","link":"https:\/\/www.lavras24horas.com.br\/portal\/circuito-ferroviario-vale-verde-recupera-locomotiva-que-foi-usada-em-lavras\/","title":{"rendered":"Circuito Ferrovi\u00e1rio Vale Verde recupera locomotiva que foi usada em Lavras"},"content":{"rendered":"<p>&nbsp;<\/p>\n<p><strong>\u00a0<\/strong><\/p>\n<p style=\"text-align: justify;\">O Circuito Ferrovi\u00e1rio Vale Verde (CFVV) conseguiu recuperar uma\u00a0 locomotiva que ser\u00e1 usada no projeto \u201cTrem do Expresso do Rei\u201d, que visa oferecer a passeios tur\u00edsticos de trem entre Lavras e cidades da regi\u00e3o.<\/p>\n<p style=\"text-align: justify;\">Segundo o CFVV, o mesmo exemplar, uma litorina automotriz com bancos e duas cabines, foi usado entre Lavras e Cruzeiro (SP) nas d\u00e9cadas de 50 e 60. A linha f\u00e9rrea nesta \u00e9poca era um dos principais corredores que ligavam toda a regi\u00e3o.<\/p>\n<p style=\"text-align: justify;\">O presidente da CFVV, C\u00e9sar Mori, elogiou o modelo de gest\u00e3o do Governo Estadual no que toca \u00e0 quest\u00e3o de resgatar a malha ferrovi\u00e1ria mineira, a maior do pa\u00eds, hoje praticamente sucateada.<\/p>\n<p style=\"text-align: justify;\">Ele citou a implanta\u00e7\u00e3o de um bra\u00e7o ligado ao setor ferrovi\u00e1rio que dever\u00e1 integrar a Secretaria de Estado de Infraestrutura e Mobilidade de Minas. Mori disse que isso dever\u00e1 gerar a\u00e7\u00f5es positivas para o segmento de trens tur\u00edsticos em todo o Estado, os chamados trens regionais, que transportam passageiros.<\/p>\n<p>&nbsp;<\/p>\n<p>&nbsp;<\/p>\n<p>&nbsp;<\/p>\n<p>&nbsp;<\/p>\n","protected":false},"excerpt":{"rendered":"<p>&nbsp; \u00a0 O Circuito Ferrovi\u00e1rio Vale Verde (CFVV) conseguiu recuperar uma\u00a0 locomotiva que ser\u00e1 usada no projeto \u201cTrem do Expresso do Rei\u201d, que visa oferecer a passeios tur\u00edsticos de trem entre Lavras e cidades da regi\u00e3o. Segundo o CFVV, o mesmo exemplar, uma litorina automotriz com bancos e duas cabines, foi usado entre Lavras e [&hellip;]<\/p>\n","protected":false},"author":7,"featured_media":248942,"comment_status":"closed","ping_status":"closed","sticky":false,"template":"","format":"standard","meta":{"advanced_seo_description":"","jetpack_seo_html_title":"","jetpack_seo_noindex":false,"_jetpack_memberships_contains_paid_content":false,"footnotes":""},"categories":[13077,4],"tags":[467,466],"class_list":["post-248941","post","type-post","status-publish","format-standard","has-post-thumbnail","hentry","category-laterais-2","category-lavras","tag-automatico","tag-rascunho"],"jetpack_featured_media_url":"https:\/\/i0.wp.com\/www.lavras24horas.com.br\/portal\/wp-content\/uploads\/2019\/09\/eb5b8844-0214-4615-8967-abefdf07397f-Copia.jpg?fit=500%2C375&ssl=1","jetpack_sharing_enabled":true,"jetpack_likes_enabled":true,"_links":{"self":[{"href":"https:\/\/www.lavras24horas.com.br\/portal\/wp-json\/wp\/v2\/posts\/248941","targetHints":{"allow":["GET"]}}],"collection":[{"href":"https:\/\/www.lavras24horas.com.br\/portal\/wp-json\/wp\/v2\/posts"}],"about":[{"href":"https:\/\/www.lavras24horas.com.br\/portal\/wp-json\/wp\/v2\/types\/post"}],"author":[{"embeddable":true,"href":"https:\/\/www.lavras24horas.com.br\/portal\/wp-json\/wp\/v2\/users\/7"}],"replies":[{"embeddable":true,"href":"https:\/\/www.lavras24horas.com.br\/portal\/wp-json\/wp\/v2\/comments?post=248941"}],"version-history":[{"count":1,"href":"https:\/\/www.lavras24horas.com.br\/portal\/wp-json\/wp\/v2\/posts\/248941\/revisions"}],"predecessor-version":[{"id":248943,"href":"https:\/\/www.lavras24horas.com.br\/portal\/wp-json\/wp\/v2\/posts\/248941\/revisions\/248943"}],"wp:featuredmedia":[{"embeddable":true,"href":"https:\/\/www.lavras24horas.com.br\/portal\/wp-json\/wp\/v2\/media\/248942"}],"wp:attachment":[{"href":"https:\/\/www.lavras24horas.com.br\/portal\/wp-json\/wp\/v2\/media?parent=248941"}],"wp:term":[{"taxonomy":"category","embeddable":true,"href":"https:\/\/www.lavras24horas.com.br\/portal\/wp-json\/wp\/v2\/categories?post=248941"},{"taxonomy":"post_tag","embeddable":true,"href":"https:\/\/www.lavras24horas.com.br\/portal\/wp-json\/wp\/v2\/tags?post=248941"}],"curies":[{"name":"wp","href":"https:\/\/api.w.org\/{rel}","templated":true}]}}