{"id":248931,"date":"2019-09-25T07:00:53","date_gmt":"2019-09-25T10:00:53","guid":{"rendered":"https:\/\/www.lavras24horas.com.br\/portal\/?p=248931"},"modified":"2019-09-24T15:44:54","modified_gmt":"2019-09-24T18:44:54","slug":"camara-municipal-de-perdoes-fara-concurso-publico","status":"publish","type":"post","link":"https:\/\/www.lavras24horas.com.br\/portal\/camara-municipal-de-perdoes-fara-concurso-publico\/","title":{"rendered":"C\u00e2mara Municipal de Perd\u00f5es far\u00e1 concurso p\u00fablico"},"content":{"rendered":"<div><\/div>\n<div><\/div>\n<div style=\"text-align: justify;\">Foi publicado o edital do concurso p\u00fablico da C\u00e2mara Municipal de Perd\u00f5es, no Sul de Minas. S\u00e3o ofertadas 4 vagas: Procurador Jur\u00eddico; Contador; Servente Geral e Secret\u00e1rio Administrativo. As provas est\u00e3o previstas para o dia 22 de dezembro deste ano. E as inscri\u00e7\u00f5es v\u00e3o de 21 de outubro a 20 de novembro deste ano.<\/div>\n<div style=\"text-align: justify;\"><\/div>\n<div style=\"text-align: justify;\">O Edital est\u00e1 \u00e0 disposi\u00e7\u00e3o dos interessados na sede da C\u00e2mara Municipal e nos sites:\u00a0<b><a href=\"http:\/\/www.jcmconcursos.com.br\/\">www.jcmconcursos.com.br<\/a><\/b>\u00a0ou\u00a0<a href=\"http:\/\/www.perdoes.mg.leg.br\/transparencia\/concurso\"><b>www.perdoes.mg.leg.br\/transparencia\/concurso<\/b><\/a><\/div>\n","protected":false},"excerpt":{"rendered":"<p>Foi publicado o edital do concurso p\u00fablico da C\u00e2mara Municipal de Perd\u00f5es, no Sul de Minas. S\u00e3o ofertadas 4 vagas: Procurador Jur\u00eddico; Contador; Servente Geral e Secret\u00e1rio Administrativo. As provas est\u00e3o previstas para o dia 22 de dezembro deste ano. E as inscri\u00e7\u00f5es v\u00e3o de 21 de outubro a 20 de novembro deste ano. O [&hellip;]<\/p>\n","protected":false},"author":7,"featured_media":248932,"comment_status":"closed","ping_status":"closed","sticky":false,"template":"","format":"standard","meta":{"advanced_seo_description":"","jetpack_seo_html_title":"","jetpack_seo_noindex":false,"_jetpack_memberships_contains_paid_content":false,"footnotes":""},"categories":[14,79],"tags":[467,466],"class_list":["post-248931","post","type-post","status-publish","format-standard","has-post-thumbnail","hentry","category-destaques-2","category-regiao","tag-automatico","tag-rascunho"],"jetpack_featured_media_url":"https:\/\/i0.wp.com\/www.lavras24horas.com.br\/portal\/wp-content\/uploads\/2019\/09\/camara_municipal_de_perdoes_foto_jornal_de_lavras.jpg?fit=512%2C301&ssl=1","jetpack_sharing_enabled":true,"jetpack_likes_enabled":true,"_links":{"self":[{"href":"https:\/\/www.lavras24horas.com.br\/portal\/wp-json\/wp\/v2\/posts\/248931","targetHints":{"allow":["GET"]}}],"collection":[{"href":"https:\/\/www.lavras24horas.com.br\/portal\/wp-json\/wp\/v2\/posts"}],"about":[{"href":"https:\/\/www.lavras24horas.com.br\/portal\/wp-json\/wp\/v2\/types\/post"}],"author":[{"embeddable":true,"href":"https:\/\/www.lavras24horas.com.br\/portal\/wp-json\/wp\/v2\/users\/7"}],"replies":[{"embeddable":true,"href":"https:\/\/www.lavras24horas.com.br\/portal\/wp-json\/wp\/v2\/comments?post=248931"}],"version-history":[{"count":1,"href":"https:\/\/www.lavras24horas.com.br\/portal\/wp-json\/wp\/v2\/posts\/248931\/revisions"}],"predecessor-version":[{"id":248933,"href":"https:\/\/www.lavras24horas.com.br\/portal\/wp-json\/wp\/v2\/posts\/248931\/revisions\/248933"}],"wp:featuredmedia":[{"embeddable":true,"href":"https:\/\/www.lavras24horas.com.br\/portal\/wp-json\/wp\/v2\/media\/248932"}],"wp:attachment":[{"href":"https:\/\/www.lavras24horas.com.br\/portal\/wp-json\/wp\/v2\/media?parent=248931"}],"wp:term":[{"taxonomy":"category","embeddable":true,"href":"https:\/\/www.lavras24horas.com.br\/portal\/wp-json\/wp\/v2\/categories?post=248931"},{"taxonomy":"post_tag","embeddable":true,"href":"https:\/\/www.lavras24horas.com.br\/portal\/wp-json\/wp\/v2\/tags?post=248931"}],"curies":[{"name":"wp","href":"https:\/\/api.w.org\/{rel}","templated":true}]}}