{"id":248917,"date":"2019-09-24T13:45:33","date_gmt":"2019-09-24T16:45:33","guid":{"rendered":"https:\/\/www.lavras24horas.com.br\/portal\/?p=248917"},"modified":"2019-09-24T13:45:33","modified_gmt":"2019-09-24T16:45:33","slug":"jovem-de-20-anos-e-morto-com-tiros-na-cabeca-em-campo-belo","status":"publish","type":"post","link":"https:\/\/www.lavras24horas.com.br\/portal\/jovem-de-20-anos-e-morto-com-tiros-na-cabeca-em-campo-belo\/","title":{"rendered":"Jovem de 20 anos \u00e9 morto com tiros na cabe\u00e7a em Campo Belo"},"content":{"rendered":"<div class=\"mc-column content-text active-extra-styles active-capital-letter\" data-block-type=\"unstyled\" data-block-weight=\"36\" data-block-id=\"1\">\n<p data-track-category=\"Link no Texto\" data-track-links=\"\">\n<p data-track-category=\"Link no Texto\" data-track-links=\"\">\n<p class=\"content-text__container theme-color-primary-first-letter\" style=\"text-align: justify;\" data-track-category=\"Link no Texto\" data-track-links=\"\">Um jovem de 20 anos foi morto com tiros na cabe\u00e7a na noite desta segunda-feira (23), no bairro Vila S\u00e3o Jorge, em Campo Belo (MG). De acordo com a Pol\u00edcia Militar, nenhum suspeito foi encontrado.<\/p>\n<\/div>\n<div class=\"wall protected-content\">\n<div class=\"mc-column content-text active-extra-styles \" style=\"text-align: justify;\" data-block-type=\"unstyled\" data-block-weight=\"38\" data-block-id=\"2\">\n<p class=\"content-text__container \" data-track-category=\"Link no Texto\" data-track-links=\"\">Ainda conforme informa\u00e7\u00f5es da pol\u00edcia, os militares foram acionados por moradores que, pelo telefone, denunciaram o barulho de tiros. Uma equipe da pol\u00edcia foi at\u00e9 o local e, na rua Ant\u00f4nio Almeida, encontraram o corpo da v\u00edtima.<\/p>\n<\/div>\n<div class=\"mc-column content-text active-extra-styles \" data-block-type=\"unstyled\" data-block-weight=\"36\" data-block-id=\"3\">\n<p class=\"content-text__container \" style=\"text-align: justify;\" data-track-category=\"Link no Texto\" data-track-links=\"\">Ap\u00f3s a per\u00edcia, foram encontrados ferimentos de bala na cabe\u00e7a da v\u00edtima, abaixo da orelha e tamb\u00e9m um tiro nas costas. O corpo foi removido do local e levada para o Instituto M\u00e9dico Legal (IML).<\/p>\n<p data-track-category=\"Link no Texto\" data-track-links=\"\">Fonte: G1<\/p>\n<\/div>\n<\/div>\n","protected":false},"excerpt":{"rendered":"<p>Um jovem de 20 anos foi morto com tiros na cabe\u00e7a na noite desta segunda-feira (23), no bairro Vila S\u00e3o Jorge, em Campo Belo (MG). De acordo com a Pol\u00edcia Militar, nenhum suspeito foi encontrado. Ainda conforme informa\u00e7\u00f5es da pol\u00edcia, os militares foram acionados por moradores que, pelo telefone, denunciaram o barulho de tiros. Uma [&hellip;]<\/p>\n","protected":false},"author":7,"featured_media":248229,"comment_status":"closed","ping_status":"closed","sticky":false,"template":"","format":"standard","meta":{"advanced_seo_description":"","jetpack_seo_html_title":"","jetpack_seo_noindex":false,"_jetpack_memberships_contains_paid_content":false,"footnotes":""},"categories":[14,4],"tags":[467,466],"class_list":["post-248917","post","type-post","status-publish","format-standard","has-post-thumbnail","hentry","category-destaques-2","category-lavras","tag-automatico","tag-rascunho"],"jetpack_featured_media_url":"https:\/\/i0.wp.com\/www.lavras24horas.com.br\/portal\/wp-content\/uploads\/2019\/09\/giroflex-policia-divulgacao.jpg?fit=758%2C452&ssl=1","jetpack_sharing_enabled":true,"jetpack_likes_enabled":true,"_links":{"self":[{"href":"https:\/\/www.lavras24horas.com.br\/portal\/wp-json\/wp\/v2\/posts\/248917","targetHints":{"allow":["GET"]}}],"collection":[{"href":"https:\/\/www.lavras24horas.com.br\/portal\/wp-json\/wp\/v2\/posts"}],"about":[{"href":"https:\/\/www.lavras24horas.com.br\/portal\/wp-json\/wp\/v2\/types\/post"}],"author":[{"embeddable":true,"href":"https:\/\/www.lavras24horas.com.br\/portal\/wp-json\/wp\/v2\/users\/7"}],"replies":[{"embeddable":true,"href":"https:\/\/www.lavras24horas.com.br\/portal\/wp-json\/wp\/v2\/comments?post=248917"}],"version-history":[{"count":1,"href":"https:\/\/www.lavras24horas.com.br\/portal\/wp-json\/wp\/v2\/posts\/248917\/revisions"}],"predecessor-version":[{"id":248918,"href":"https:\/\/www.lavras24horas.com.br\/portal\/wp-json\/wp\/v2\/posts\/248917\/revisions\/248918"}],"wp:featuredmedia":[{"embeddable":true,"href":"https:\/\/www.lavras24horas.com.br\/portal\/wp-json\/wp\/v2\/media\/248229"}],"wp:attachment":[{"href":"https:\/\/www.lavras24horas.com.br\/portal\/wp-json\/wp\/v2\/media?parent=248917"}],"wp:term":[{"taxonomy":"category","embeddable":true,"href":"https:\/\/www.lavras24horas.com.br\/portal\/wp-json\/wp\/v2\/categories?post=248917"},{"taxonomy":"post_tag","embeddable":true,"href":"https:\/\/www.lavras24horas.com.br\/portal\/wp-json\/wp\/v2\/tags?post=248917"}],"curies":[{"name":"wp","href":"https:\/\/api.w.org\/{rel}","templated":true}]}}