{"id":248913,"date":"2019-09-24T13:38:21","date_gmt":"2019-09-24T16:38:21","guid":{"rendered":"https:\/\/www.lavras24horas.com.br\/portal\/?p=248913"},"modified":"2019-09-24T13:38:21","modified_gmt":"2019-09-24T16:38:21","slug":"espetaculo-teatropolis-sera-apresentado-em-lavras-no-proximo-sabado-28","status":"publish","type":"post","link":"https:\/\/www.lavras24horas.com.br\/portal\/espetaculo-teatropolis-sera-apresentado-em-lavras-no-proximo-sabado-28\/","title":{"rendered":"Espet\u00e1culo\u00a0 \u201cTeatrop\u00f3lis\u201d ser\u00e1 apresentado em Lavras no pr\u00f3ximo s\u00e1bado (28)"},"content":{"rendered":"<p>&nbsp;<\/p>\n<p style=\"text-align: justify;\">O diretor e ator Homero Faria e o Coletivo de Artistas RUA (Reuni\u00e3o Urbana dos Artistas De Lavras) apresentar\u00e3o o espet\u00e1culo \u201cTeatrop\u00f3lis\u201d \u2013 Uma Folia Teatral neste m\u00eas de setembro em Lavras.<\/p>\n<p style=\"text-align: justify;\">A pe\u00e7a \u00e9 inspirada no teatro popular nordestino e na commedia dell&#8217;arte do teatro italiano. O espet\u00e1culo de rua, que conta com 10 atores que integram o RUA, ser\u00e1 apresentado no dia 28, \u00e0s 17h, ao lado da Casa de Cultura.<\/p>\n<p style=\"text-align: justify;\">Homero Faria, 65 anos, foi procurado pelo grupo de atores amadores para dirigir a pe\u00e7a in\u00e9dita que havia sido escrita por ele. O espet\u00e1culo\u00a0 narra a hist\u00f3ria do teatro desde 650 anos antes de Cristo at\u00e9 os dias de hoje.<\/p>\n<p style=\"text-align: justify;\">\u201cA pe\u00e7a \u00e9 uma forma de mostrar para as pessoas a popularidade da linguagem universal do teatro. Eu escolhi uma linguagem circense. Para mim, trabalhar com adolescentes \u00e9 algo muito enriquecedor. \u00c9 uma loucura fant\u00e1stica\u201d, afirmou em entrevista ao Lavras 24 Horas.<\/p>\n","protected":false},"excerpt":{"rendered":"<p>&nbsp; O diretor e ator Homero Faria e o Coletivo de Artistas RUA (Reuni\u00e3o Urbana dos Artistas De Lavras) apresentar\u00e3o o espet\u00e1culo \u201cTeatrop\u00f3lis\u201d \u2013 Uma Folia Teatral neste m\u00eas de setembro em Lavras. A pe\u00e7a \u00e9 inspirada no teatro popular nordestino e na commedia dell&#8217;arte do teatro italiano. O espet\u00e1culo de rua, que conta com [&hellip;]<\/p>\n","protected":false},"author":7,"featured_media":248914,"comment_status":"closed","ping_status":"closed","sticky":false,"template":"","format":"standard","meta":{"advanced_seo_description":"","jetpack_seo_html_title":"","jetpack_seo_noindex":false,"_jetpack_memberships_contains_paid_content":false,"footnotes":""},"categories":[13077,4],"tags":[467,466],"class_list":["post-248913","post","type-post","status-publish","format-standard","has-post-thumbnail","hentry","category-laterais-2","category-lavras","tag-automatico","tag-rascunho"],"jetpack_featured_media_url":"https:\/\/i0.wp.com\/www.lavras24horas.com.br\/portal\/wp-content\/uploads\/2019\/09\/coletivo-rua-home-faria.jpg?fit=600%2C483&ssl=1","jetpack_sharing_enabled":true,"jetpack_likes_enabled":true,"_links":{"self":[{"href":"https:\/\/www.lavras24horas.com.br\/portal\/wp-json\/wp\/v2\/posts\/248913","targetHints":{"allow":["GET"]}}],"collection":[{"href":"https:\/\/www.lavras24horas.com.br\/portal\/wp-json\/wp\/v2\/posts"}],"about":[{"href":"https:\/\/www.lavras24horas.com.br\/portal\/wp-json\/wp\/v2\/types\/post"}],"author":[{"embeddable":true,"href":"https:\/\/www.lavras24horas.com.br\/portal\/wp-json\/wp\/v2\/users\/7"}],"replies":[{"embeddable":true,"href":"https:\/\/www.lavras24horas.com.br\/portal\/wp-json\/wp\/v2\/comments?post=248913"}],"version-history":[{"count":1,"href":"https:\/\/www.lavras24horas.com.br\/portal\/wp-json\/wp\/v2\/posts\/248913\/revisions"}],"predecessor-version":[{"id":248915,"href":"https:\/\/www.lavras24horas.com.br\/portal\/wp-json\/wp\/v2\/posts\/248913\/revisions\/248915"}],"wp:featuredmedia":[{"embeddable":true,"href":"https:\/\/www.lavras24horas.com.br\/portal\/wp-json\/wp\/v2\/media\/248914"}],"wp:attachment":[{"href":"https:\/\/www.lavras24horas.com.br\/portal\/wp-json\/wp\/v2\/media?parent=248913"}],"wp:term":[{"taxonomy":"category","embeddable":true,"href":"https:\/\/www.lavras24horas.com.br\/portal\/wp-json\/wp\/v2\/categories?post=248913"},{"taxonomy":"post_tag","embeddable":true,"href":"https:\/\/www.lavras24horas.com.br\/portal\/wp-json\/wp\/v2\/tags?post=248913"}],"curies":[{"name":"wp","href":"https:\/\/api.w.org\/{rel}","templated":true}]}}