{"id":248910,"date":"2019-09-25T07:00:15","date_gmt":"2019-09-25T10:00:15","guid":{"rendered":"https:\/\/www.lavras24horas.com.br\/portal\/?p=248910"},"modified":"2019-09-25T12:56:38","modified_gmt":"2019-09-25T15:56:38","slug":"musica-no-museu-acontece-nesta-sexta-feira-26-no-campus-historico-da-ufla","status":"publish","type":"post","link":"https:\/\/www.lavras24horas.com.br\/portal\/musica-no-museu-acontece-nesta-sexta-feira-26-no-campus-historico-da-ufla\/","title":{"rendered":"M\u00fasica no Museu acontece nesta quinta-feira (26) no campus hist\u00f3rico da Ufla"},"content":{"rendered":"<p>&nbsp;<\/p>\n<p>&nbsp;<\/p>\n<p style=\"text-align: justify;\">A Coordenadoria de Cultura da PROEC da Universidade Federal de Lavras (UFLA) promove nesta quinta-feira, dia 26, a d\u00e9cima oitava edi\u00e7\u00e3o do projeto M\u00fasica no Museu. A s\u00e9rie de eventos mensais visa fomentar manifesta\u00e7\u00f5es culturais no formato de um Sarau Cultural.<\/p>\n<p style=\"text-align: justify;\">O evento acontecer\u00e1 as 19h30, no Museu Bi Moreira, no Campus Hist\u00f3rico da Ufla. Os ingressos devem ser retirados na semana do evento, no Centro Cultural da Ufla, entre 8h e 12h, e 14h e 18h.<\/p>\n<p style=\"text-align: justify;\">Maiores informa\u00e7\u00f5es podem ser obtidas pelo telefone (35) 3829-1585 e pelo e-mail <a href=\"mailto:musica@proec.ufla.br\">musica@proec.ufla.br<\/a> .<\/p>\n<p>&nbsp;<\/p>\n","protected":false},"excerpt":{"rendered":"<p>&nbsp; &nbsp; A Coordenadoria de Cultura da PROEC da Universidade Federal de Lavras (UFLA) promove nesta quinta-feira, dia 26, a d\u00e9cima oitava edi\u00e7\u00e3o do projeto M\u00fasica no Museu. A s\u00e9rie de eventos mensais visa fomentar manifesta\u00e7\u00f5es culturais no formato de um Sarau Cultural. O evento acontecer\u00e1 as 19h30, no Museu Bi Moreira, no Campus Hist\u00f3rico [&hellip;]<\/p>\n","protected":false},"author":7,"featured_media":248911,"comment_status":"closed","ping_status":"closed","sticky":false,"template":"","format":"standard","meta":{"advanced_seo_description":"","jetpack_seo_html_title":"","jetpack_seo_noindex":false,"_jetpack_memberships_contains_paid_content":false,"footnotes":""},"categories":[13,4],"tags":[467,466],"class_list":["post-248910","post","type-post","status-publish","format-standard","has-post-thumbnail","hentry","category-laterais-1","category-lavras","tag-automatico","tag-rascunho"],"jetpack_featured_media_url":"https:\/\/i0.wp.com\/www.lavras24horas.com.br\/portal\/wp-content\/uploads\/2019\/09\/67167546_452347762010567_5023581795954720768_o.jpg?fit=600%2C400&ssl=1","jetpack_sharing_enabled":true,"jetpack_likes_enabled":true,"_links":{"self":[{"href":"https:\/\/www.lavras24horas.com.br\/portal\/wp-json\/wp\/v2\/posts\/248910","targetHints":{"allow":["GET"]}}],"collection":[{"href":"https:\/\/www.lavras24horas.com.br\/portal\/wp-json\/wp\/v2\/posts"}],"about":[{"href":"https:\/\/www.lavras24horas.com.br\/portal\/wp-json\/wp\/v2\/types\/post"}],"author":[{"embeddable":true,"href":"https:\/\/www.lavras24horas.com.br\/portal\/wp-json\/wp\/v2\/users\/7"}],"replies":[{"embeddable":true,"href":"https:\/\/www.lavras24horas.com.br\/portal\/wp-json\/wp\/v2\/comments?post=248910"}],"version-history":[{"count":2,"href":"https:\/\/www.lavras24horas.com.br\/portal\/wp-json\/wp\/v2\/posts\/248910\/revisions"}],"predecessor-version":[{"id":248940,"href":"https:\/\/www.lavras24horas.com.br\/portal\/wp-json\/wp\/v2\/posts\/248910\/revisions\/248940"}],"wp:featuredmedia":[{"embeddable":true,"href":"https:\/\/www.lavras24horas.com.br\/portal\/wp-json\/wp\/v2\/media\/248911"}],"wp:attachment":[{"href":"https:\/\/www.lavras24horas.com.br\/portal\/wp-json\/wp\/v2\/media?parent=248910"}],"wp:term":[{"taxonomy":"category","embeddable":true,"href":"https:\/\/www.lavras24horas.com.br\/portal\/wp-json\/wp\/v2\/categories?post=248910"},{"taxonomy":"post_tag","embeddable":true,"href":"https:\/\/www.lavras24horas.com.br\/portal\/wp-json\/wp\/v2\/tags?post=248910"}],"curies":[{"name":"wp","href":"https:\/\/api.w.org\/{rel}","templated":true}]}}