{"id":248899,"date":"2019-09-24T12:55:23","date_gmt":"2019-09-24T15:55:23","guid":{"rendered":"https:\/\/www.lavras24horas.com.br\/portal\/?p=248899"},"modified":"2019-09-24T15:17:34","modified_gmt":"2019-09-24T18:17:34","slug":"receita-solidaria-abre-selecao-de-projetos-para-apoio-financeiro-em-2020","status":"publish","type":"post","link":"https:\/\/www.lavras24horas.com.br\/portal\/receita-solidaria-abre-selecao-de-projetos-para-apoio-financeiro-em-2020\/","title":{"rendered":"Receita Solid\u00e1ria abre sele\u00e7\u00e3o de projetos para apoio financeiro em 2020"},"content":{"rendered":"<p>&nbsp;<\/p>\n<p style=\"font-weight: 400; text-align: justify;\">Dando continuidade ao Programa de Educa\u00e7\u00e3o Fiscal, informamos que a \u00a0Receita Solid\u00e1ria abriu o processo de sele\u00e7\u00e3o de projetos sociais para apoio financeiro no ano de 2020. O prazo para as institui\u00e7\u00f5es interessadas se inscreverem vai de 23 de setembro a 21 de outubro de 2019.<\/p>\n<p style=\"font-weight: 400; text-align: justify;\">Podem se candidatar as entidades da sociedade civil legalmente constitu\u00eddas, sem fins lucrativos, preferencialmente aquelas que n\u00e3o possuam mantenedora, estabelecidas no estado de Minas Gerais, que contribuam para seus benefici\u00e1rios atrav\u00e9s da prote\u00e7\u00e3o social \u00e0 fam\u00edlia, \u00e0 inf\u00e2ncia, \u00e0 adolesc\u00eancia e \u00e0 velhice.<\/p>\n<p style=\"font-weight: 400; text-align: justify;\">O valor a ser financiado ser\u00e1, no m\u00e1ximo, de R$ 13.000, e ocorrer\u00e1 mediante reembolso das despesas comprovadas pela entidade. A libera\u00e7\u00e3o dos recursos financeiros pela Receita Solid\u00e1ria ocorrer\u00e1 no per\u00edodo de 1\u00ba de mar\u00e7o a 31 de dezembro de 2020.<\/p>\n<p style=\"font-weight: 400; text-align: justify;\">Mais informa\u00e7\u00f5es:\u00a0<a href=\"http:\/\/portalintranet.fazenda.mg.gov.br\/openintranet\/opencms\/fazenda\/noticias\/servicos\/_download\/2019.09.23_ReceitaSolidaria_Convocatoria_2020.pdf\" data-saferedirecturl=\"https:\/\/www.google.com\/url?q=http:\/\/portalintranet.fazenda.mg.gov.br\/openintranet\/opencms\/fazenda\/noticias\/servicos\/_download\/2019.09.23_ReceitaSolidaria_Convocatoria_2020.pdf&amp;source=gmail&amp;ust=1569435421400000&amp;usg=AFQjCNGHCvudpJHnoPqulIrKPdsYfbmKqA\">http:\/\/portalintranet.fazenda.mg.gov.br\/openintranet\/opencms\/fazenda\/noticias\/servicos\/_download\/2019.09.23_ReceitaSolidaria_Convocatoria_2020.pdf<\/a>, atrav\u00e9s do telefone 155 ou diretamente na AF Lavras, situada na Rua Raul Soares, 153, Centro.<\/p>\n<p style=\"font-weight: 400; text-align: justify;\">\n<p style=\"font-weight: 400;\">\n<p style=\"font-weight: 400;\">\n","protected":false},"excerpt":{"rendered":"<p>&nbsp; Dando continuidade ao Programa de Educa\u00e7\u00e3o Fiscal, informamos que a \u00a0Receita Solid\u00e1ria abriu o processo de sele\u00e7\u00e3o de projetos sociais para apoio financeiro no ano de 2020. O prazo para as institui\u00e7\u00f5es interessadas se inscreverem vai de 23 de setembro a 21 de outubro de 2019. Podem se candidatar as entidades da sociedade civil [&hellip;]<\/p>\n","protected":false},"author":7,"featured_media":248900,"comment_status":"closed","ping_status":"closed","sticky":false,"template":"","format":"standard","meta":{"advanced_seo_description":"","jetpack_seo_html_title":"","jetpack_seo_noindex":false,"_jetpack_memberships_contains_paid_content":false,"footnotes":""},"categories":[14,4],"tags":[467,466],"class_list":["post-248899","post","type-post","status-publish","format-standard","has-post-thumbnail","hentry","category-destaques-2","category-lavras","tag-automatico","tag-rascunho"],"jetpack_featured_media_url":"https:\/\/i0.wp.com\/www.lavras24horas.com.br\/portal\/wp-content\/uploads\/2019\/09\/maos-dadas-700x445.jpg?fit=700%2C445&ssl=1","jetpack_sharing_enabled":true,"jetpack_likes_enabled":true,"_links":{"self":[{"href":"https:\/\/www.lavras24horas.com.br\/portal\/wp-json\/wp\/v2\/posts\/248899","targetHints":{"allow":["GET"]}}],"collection":[{"href":"https:\/\/www.lavras24horas.com.br\/portal\/wp-json\/wp\/v2\/posts"}],"about":[{"href":"https:\/\/www.lavras24horas.com.br\/portal\/wp-json\/wp\/v2\/types\/post"}],"author":[{"embeddable":true,"href":"https:\/\/www.lavras24horas.com.br\/portal\/wp-json\/wp\/v2\/users\/7"}],"replies":[{"embeddable":true,"href":"https:\/\/www.lavras24horas.com.br\/portal\/wp-json\/wp\/v2\/comments?post=248899"}],"version-history":[{"count":2,"href":"https:\/\/www.lavras24horas.com.br\/portal\/wp-json\/wp\/v2\/posts\/248899\/revisions"}],"predecessor-version":[{"id":248922,"href":"https:\/\/www.lavras24horas.com.br\/portal\/wp-json\/wp\/v2\/posts\/248899\/revisions\/248922"}],"wp:featuredmedia":[{"embeddable":true,"href":"https:\/\/www.lavras24horas.com.br\/portal\/wp-json\/wp\/v2\/media\/248900"}],"wp:attachment":[{"href":"https:\/\/www.lavras24horas.com.br\/portal\/wp-json\/wp\/v2\/media?parent=248899"}],"wp:term":[{"taxonomy":"category","embeddable":true,"href":"https:\/\/www.lavras24horas.com.br\/portal\/wp-json\/wp\/v2\/categories?post=248899"},{"taxonomy":"post_tag","embeddable":true,"href":"https:\/\/www.lavras24horas.com.br\/portal\/wp-json\/wp\/v2\/tags?post=248899"}],"curies":[{"name":"wp","href":"https:\/\/api.w.org\/{rel}","templated":true}]}}