{"id":248893,"date":"2019-09-24T12:48:13","date_gmt":"2019-09-24T15:48:13","guid":{"rendered":"https:\/\/www.lavras24horas.com.br\/portal\/?p=248893"},"modified":"2019-09-24T13:40:22","modified_gmt":"2019-09-24T16:40:22","slug":"projeto-de-voz-ao-seu-silencio-sera-realizado-amanha-em-lavras","status":"publish","type":"post","link":"https:\/\/www.lavras24horas.com.br\/portal\/projeto-de-voz-ao-seu-silencio-sera-realizado-amanha-em-lavras\/","title":{"rendered":"Projeto &#8220;D\u00ea voz ao seu sil\u00eancio!&#8221; ser\u00e1 realizado amanh\u00e3 em Lavras"},"content":{"rendered":"<p>&nbsp;<\/p>\n<p>&nbsp;<\/p>\n<p style=\"text-align: justify;\">No dia 25, o projeto &#8220;D\u00ea voz ao seu sil\u00eancio!&#8221; realizar\u00e1 seu \u00faltimo evento do ano. A roda de conversa foi preparada com a tem\u00e1tica &#8220;O que os olhos n\u00e3o veem \u00e9 o que uma mulher sente&#8221;, com o intuito de abordar intimamente as nuances da vida de uma mulher, junto aos desafios e dores que acabam gerenciando suas vidas! Esse momento ser\u00e1 dividido em reflex\u00e3o, troca e uma din\u00e2mica como encerramento. Ao final, teremos um coffee break.<\/p>\n<p style=\"text-align: justify;\">O projeto foi criado em mar\u00e7o de 2018 pela Psic\u00f3loga Ximena Oliveira e a Advogada Luciana Laudares, com o prop\u00f3sito de disseminar a conscientiza\u00e7\u00e3o a respeito da viol\u00eancia dom\u00e9stica e familiar contra a mulher. Com isso, o projeto hoje est\u00e1 orientando e acolhendo mulheres com o intuito de chegar at\u00e9 as que j\u00e1 foram v\u00edtimas, as que est\u00e3o em situa\u00e7\u00e3o de viol\u00eancia e todas as pessoas que se interessam pela tem\u00e1tica e que, consequentemente, fortalece nossa rede de apoio.<\/p>\n<p style=\"text-align: justify;\">Nesse ano, as idealizadoras do projeto palestraram em alguns locais da nossa cidade e seguem com a maior fonte de informa\u00e7\u00f5es e compartilhamentos pelo intagram @devozaoseusolencio. Voc\u00ea pode inscrever-se na roda de conversa acessando a rede social citada ou pelos whatsapps: (35)99224-6749 \/ (35)98858-8202.<\/p>\n<p style=\"text-align: justify;\">O acesso \u00e9 gratuito!<\/p>\n<p><img data-recalc-dims=\"1\" fetchpriority=\"high\" decoding=\"async\" data-attachment-id=\"248895\" data-permalink=\"https:\/\/www.lavras24horas.com.br\/portal\/projeto-de-voz-ao-seu-silencio-sera-realizado-amanha-em-lavras\/719e3eb5-1949-41ff-870c-7cb3465a8c37\/\" data-orig-file=\"https:\/\/i0.wp.com\/www.lavras24horas.com.br\/portal\/wp-content\/uploads\/2019\/09\/719e3eb5-1949-41ff-870c-7cb3465a8c37.jpg?fit=600%2C597&amp;ssl=1\" data-orig-size=\"600,597\" data-comments-opened=\"0\" data-image-meta=\"{&quot;aperture&quot;:&quot;0&quot;,&quot;credit&quot;:&quot;&quot;,&quot;camera&quot;:&quot;&quot;,&quot;caption&quot;:&quot;&quot;,&quot;created_timestamp&quot;:&quot;0&quot;,&quot;copyright&quot;:&quot;&quot;,&quot;focal_length&quot;:&quot;0&quot;,&quot;iso&quot;:&quot;0&quot;,&quot;shutter_speed&quot;:&quot;0&quot;,&quot;title&quot;:&quot;&quot;,&quot;orientation&quot;:&quot;0&quot;}\" data-image-title=\"719e3eb5-1949-41ff-870c-7cb3465a8c37\" data-image-description=\"\" data-image-caption=\"\" data-large-file=\"https:\/\/i0.wp.com\/www.lavras24horas.com.br\/portal\/wp-content\/uploads\/2019\/09\/719e3eb5-1949-41ff-870c-7cb3465a8c37.jpg?fit=332%2C330&amp;ssl=1\" class=\"aligncenter wp-image-248895 size-full\" src=\"https:\/\/i0.wp.com\/www.lavras24horas.com.br\/portal\/wp-content\/uploads\/2019\/09\/719e3eb5-1949-41ff-870c-7cb3465a8c37.jpg?resize=600%2C597&#038;ssl=1\" alt=\"\" width=\"600\" height=\"597\" srcset=\"https:\/\/i0.wp.com\/www.lavras24horas.com.br\/portal\/wp-content\/uploads\/2019\/09\/719e3eb5-1949-41ff-870c-7cb3465a8c37.jpg?w=600&amp;ssl=1 600w, https:\/\/i0.wp.com\/www.lavras24horas.com.br\/portal\/wp-content\/uploads\/2019\/09\/719e3eb5-1949-41ff-870c-7cb3465a8c37.jpg?resize=332%2C330&amp;ssl=1 332w\" sizes=\"(max-width: 600px) 100vw, 600px\" \/><\/p>\n","protected":false},"excerpt":{"rendered":"<p>&nbsp; &nbsp; No dia 25, o projeto &#8220;D\u00ea voz ao seu sil\u00eancio!&#8221; realizar\u00e1 seu \u00faltimo evento do ano. A roda de conversa foi preparada com a tem\u00e1tica &#8220;O que os olhos n\u00e3o veem \u00e9 o que uma mulher sente&#8221;, com o intuito de abordar intimamente as nuances da vida de uma mulher, junto aos desafios [&hellip;]<\/p>\n","protected":false},"author":7,"featured_media":248894,"comment_status":"closed","ping_status":"closed","sticky":false,"template":"","format":"standard","meta":{"advanced_seo_description":"","jetpack_seo_html_title":"","jetpack_seo_noindex":false,"_jetpack_memberships_contains_paid_content":false,"footnotes":""},"categories":[13,4],"tags":[467,466],"class_list":["post-248893","post","type-post","status-publish","format-standard","has-post-thumbnail","hentry","category-laterais-1","category-lavras","tag-automatico","tag-rascunho"],"jetpack_featured_media_url":"https:\/\/i0.wp.com\/www.lavras24horas.com.br\/portal\/wp-content\/uploads\/2019\/09\/Reuniao-Eficaz-1024x762.png?fit=600%2C446&ssl=1","jetpack_sharing_enabled":true,"jetpack_likes_enabled":true,"_links":{"self":[{"href":"https:\/\/www.lavras24horas.com.br\/portal\/wp-json\/wp\/v2\/posts\/248893","targetHints":{"allow":["GET"]}}],"collection":[{"href":"https:\/\/www.lavras24horas.com.br\/portal\/wp-json\/wp\/v2\/posts"}],"about":[{"href":"https:\/\/www.lavras24horas.com.br\/portal\/wp-json\/wp\/v2\/types\/post"}],"author":[{"embeddable":true,"href":"https:\/\/www.lavras24horas.com.br\/portal\/wp-json\/wp\/v2\/users\/7"}],"replies":[{"embeddable":true,"href":"https:\/\/www.lavras24horas.com.br\/portal\/wp-json\/wp\/v2\/comments?post=248893"}],"version-history":[{"count":2,"href":"https:\/\/www.lavras24horas.com.br\/portal\/wp-json\/wp\/v2\/posts\/248893\/revisions"}],"predecessor-version":[{"id":248916,"href":"https:\/\/www.lavras24horas.com.br\/portal\/wp-json\/wp\/v2\/posts\/248893\/revisions\/248916"}],"wp:featuredmedia":[{"embeddable":true,"href":"https:\/\/www.lavras24horas.com.br\/portal\/wp-json\/wp\/v2\/media\/248894"}],"wp:attachment":[{"href":"https:\/\/www.lavras24horas.com.br\/portal\/wp-json\/wp\/v2\/media?parent=248893"}],"wp:term":[{"taxonomy":"category","embeddable":true,"href":"https:\/\/www.lavras24horas.com.br\/portal\/wp-json\/wp\/v2\/categories?post=248893"},{"taxonomy":"post_tag","embeddable":true,"href":"https:\/\/www.lavras24horas.com.br\/portal\/wp-json\/wp\/v2\/tags?post=248893"}],"curies":[{"name":"wp","href":"https:\/\/api.w.org\/{rel}","templated":true}]}}