{"id":248888,"date":"2019-09-24T08:05:05","date_gmt":"2019-09-24T11:05:05","guid":{"rendered":"https:\/\/www.lavras24horas.com.br\/portal\/?p=248888"},"modified":"2019-09-24T10:21:46","modified_gmt":"2019-09-24T13:21:46","slug":"terca-feira-24-09-2019","status":"publish","type":"post","link":"https:\/\/www.lavras24horas.com.br\/portal\/terca-feira-24-09-2019\/","title":{"rendered":"Ter\u00e7a &#8211; Feira (24\/09\/2019)"},"content":{"rendered":"<p><strong><em>Nome: RITA DE LIMA SILVA<\/em><\/strong><\/p>\n<p><em>Velada na capela 01 do Vel\u00f3rio S\u00e3o Jo\u00e3o Batista <\/em><\/p>\n<p><em>Sepultamento dia 24\/09\/2019 \u00e0s 14h<\/em><\/p>\n<p><em>Cemit\u00e9rio Paroquial S\u00e3o Miguel \u00a0\u00a0<\/em><\/p>\n<p><em>Fonte: Administra\u00e7\u00e3o dos Cemit\u00e9rios<\/em><\/p>\n<p><strong><em>Nome: MARIA DIVINA NOGUEIRA<\/em><\/strong><\/p>\n<p><em>Velada na capela 03 do Vel\u00f3rio S\u00e3o Jo\u00e3o Batista <\/em><\/p>\n<p><em>Sepultamento dia 24\/09\/2019 \u00e0s 16h30<\/em><\/p>\n<p><em>Cemit\u00e9rio Paroquial S\u00e3o Miguel \u00a0\u00a0<\/em><\/p>\n<p><em>Fonte: Administra\u00e7\u00e3o dos Cemit\u00e9rios<\/em><\/p>\n<p><strong><em>Nome: SEBASTIANA DO NASCIMENTO SANTOS\u00a0<\/em><\/strong><\/p>\n<p><em>Velada no Vel\u00f3rio Paroquial Igreja do Ros\u00e1rio &#8211; Ijaci-MG<\/em><\/p>\n<p><em>Sepultamento dia 24\/09\/2019 \u00e0s 17h30<\/em><\/p>\n<p><em>Cemit\u00e9rio Paroquial Saudade\u00a0\u00a0<\/em><\/p>\n<p><em>Fonte: Administra\u00e7\u00e3o dos Cemit\u00e9rios<\/em><\/p>\n","protected":false},"excerpt":{"rendered":"<p>Nome: RITA DE LIMA SILVA Velada na capela 01 do Vel\u00f3rio S\u00e3o Jo\u00e3o Batista Sepultamento dia 24\/09\/2019 \u00e0s 14h Cemit\u00e9rio Paroquial S\u00e3o Miguel \u00a0\u00a0 Fonte: Administra\u00e7\u00e3o dos Cemit\u00e9rios Nome: MARIA DIVINA NOGUEIRA Velada na capela 03 do Vel\u00f3rio S\u00e3o Jo\u00e3o Batista Sepultamento dia 24\/09\/2019 \u00e0s 16h30 Cemit\u00e9rio Paroquial S\u00e3o Miguel \u00a0\u00a0 Fonte: Administra\u00e7\u00e3o dos Cemit\u00e9rios [&hellip;]<\/p>\n","protected":false},"author":7,"featured_media":0,"comment_status":"closed","ping_status":"closed","sticky":false,"template":"","format":"standard","meta":{"advanced_seo_description":"","jetpack_seo_html_title":"","jetpack_seo_noindex":false,"_jetpack_memberships_contains_paid_content":false,"footnotes":""},"categories":[1495],"tags":[467,466],"class_list":["post-248888","post","type-post","status-publish","format-standard","hentry","category-obituario-2","tag-automatico","tag-rascunho"],"jetpack_featured_media_url":"","jetpack_sharing_enabled":true,"jetpack_likes_enabled":true,"_links":{"self":[{"href":"https:\/\/www.lavras24horas.com.br\/portal\/wp-json\/wp\/v2\/posts\/248888","targetHints":{"allow":["GET"]}}],"collection":[{"href":"https:\/\/www.lavras24horas.com.br\/portal\/wp-json\/wp\/v2\/posts"}],"about":[{"href":"https:\/\/www.lavras24horas.com.br\/portal\/wp-json\/wp\/v2\/types\/post"}],"author":[{"embeddable":true,"href":"https:\/\/www.lavras24horas.com.br\/portal\/wp-json\/wp\/v2\/users\/7"}],"replies":[{"embeddable":true,"href":"https:\/\/www.lavras24horas.com.br\/portal\/wp-json\/wp\/v2\/comments?post=248888"}],"version-history":[{"count":4,"href":"https:\/\/www.lavras24horas.com.br\/portal\/wp-json\/wp\/v2\/posts\/248888\/revisions"}],"predecessor-version":[{"id":248892,"href":"https:\/\/www.lavras24horas.com.br\/portal\/wp-json\/wp\/v2\/posts\/248888\/revisions\/248892"}],"wp:attachment":[{"href":"https:\/\/www.lavras24horas.com.br\/portal\/wp-json\/wp\/v2\/media?parent=248888"}],"wp:term":[{"taxonomy":"category","embeddable":true,"href":"https:\/\/www.lavras24horas.com.br\/portal\/wp-json\/wp\/v2\/categories?post=248888"},{"taxonomy":"post_tag","embeddable":true,"href":"https:\/\/www.lavras24horas.com.br\/portal\/wp-json\/wp\/v2\/tags?post=248888"}],"curies":[{"name":"wp","href":"https:\/\/api.w.org\/{rel}","templated":true}]}}