{"id":248877,"date":"2019-09-24T07:00:47","date_gmt":"2019-09-24T10:00:47","guid":{"rendered":"https:\/\/www.lavras24horas.com.br\/portal\/?p=248877"},"modified":"2019-09-23T16:35:07","modified_gmt":"2019-09-23T19:35:07","slug":"paroquia-sao-sebastiao-recebera-dois-novos-sacerdotes","status":"publish","type":"post","link":"https:\/\/www.lavras24horas.com.br\/portal\/paroquia-sao-sebastiao-recebera-dois-novos-sacerdotes\/","title":{"rendered":"Par\u00f3quia S\u00e3o Sebasti\u00e3o receber\u00e1 dois novos sacerdotes  \u00a0"},"content":{"rendered":"<p>&nbsp;<\/p>\n<p style=\"text-align: justify;\">A Par\u00f3quia de S\u00e3o Sebasti\u00e3o receber\u00e1 dois novos sacerdotes que atuaram naquela comunidade.<\/p>\n<p style=\"text-align: justify;\">Os padres Silvio Firmo do Nascimento e Elissandro Jos\u00e9 Campos de Carvalho ser\u00e3o os novos vig\u00e1rios paroquias. O padre Neidir Antonio Nogueira Vale \u00e9 o atual p\u00e1roco da Par\u00f3quia S\u00e3o Sebasti\u00e3o.<\/p>\n<p style=\"text-align: justify;\">As nomea\u00e7\u00f5es foram anunciadas no \u00faltimo dia 19, por meio de uma circular emitida pelo bispo diocesano, Dom Jos\u00e9 Eudes Nascimento. O Pe. Elissandro Jos\u00e9 Campos de Carvalho assumir\u00e1 ainda a fun\u00e7\u00e3o de Administrador Paroquial da Par\u00f3quia de Nossa Senhora da Concei\u00e7\u00e3o em Ijaci. As posses can\u00f4nicas ser\u00e3o agendadas.<\/p>\n<p>&nbsp;<\/p>\n","protected":false},"excerpt":{"rendered":"<p>&nbsp; A Par\u00f3quia de S\u00e3o Sebasti\u00e3o receber\u00e1 dois novos sacerdotes que atuaram naquela comunidade. Os padres Silvio Firmo do Nascimento e Elissandro Jos\u00e9 Campos de Carvalho ser\u00e3o os novos vig\u00e1rios paroquias. O padre Neidir Antonio Nogueira Vale \u00e9 o atual p\u00e1roco da Par\u00f3quia S\u00e3o Sebasti\u00e3o. As nomea\u00e7\u00f5es foram anunciadas no \u00faltimo dia 19, por meio [&hellip;]<\/p>\n","protected":false},"author":7,"featured_media":248878,"comment_status":"closed","ping_status":"closed","sticky":false,"template":"","format":"standard","meta":{"advanced_seo_description":"","jetpack_seo_html_title":"","jetpack_seo_noindex":false,"_jetpack_memberships_contains_paid_content":false,"footnotes":""},"categories":[13077,4],"tags":[467,466],"class_list":["post-248877","post","type-post","status-publish","format-standard","has-post-thumbnail","hentry","category-laterais-2","category-lavras","tag-automatico","tag-rascunho"],"jetpack_featured_media_url":"https:\/\/i0.wp.com\/www.lavras24horas.com.br\/portal\/wp-content\/uploads\/2019\/09\/sao-sebatsiao-3.jpg?fit=500%2C375&ssl=1","jetpack_sharing_enabled":true,"jetpack_likes_enabled":true,"_links":{"self":[{"href":"https:\/\/www.lavras24horas.com.br\/portal\/wp-json\/wp\/v2\/posts\/248877","targetHints":{"allow":["GET"]}}],"collection":[{"href":"https:\/\/www.lavras24horas.com.br\/portal\/wp-json\/wp\/v2\/posts"}],"about":[{"href":"https:\/\/www.lavras24horas.com.br\/portal\/wp-json\/wp\/v2\/types\/post"}],"author":[{"embeddable":true,"href":"https:\/\/www.lavras24horas.com.br\/portal\/wp-json\/wp\/v2\/users\/7"}],"replies":[{"embeddable":true,"href":"https:\/\/www.lavras24horas.com.br\/portal\/wp-json\/wp\/v2\/comments?post=248877"}],"version-history":[{"count":2,"href":"https:\/\/www.lavras24horas.com.br\/portal\/wp-json\/wp\/v2\/posts\/248877\/revisions"}],"predecessor-version":[{"id":248880,"href":"https:\/\/www.lavras24horas.com.br\/portal\/wp-json\/wp\/v2\/posts\/248877\/revisions\/248880"}],"wp:featuredmedia":[{"embeddable":true,"href":"https:\/\/www.lavras24horas.com.br\/portal\/wp-json\/wp\/v2\/media\/248878"}],"wp:attachment":[{"href":"https:\/\/www.lavras24horas.com.br\/portal\/wp-json\/wp\/v2\/media?parent=248877"}],"wp:term":[{"taxonomy":"category","embeddable":true,"href":"https:\/\/www.lavras24horas.com.br\/portal\/wp-json\/wp\/v2\/categories?post=248877"},{"taxonomy":"post_tag","embeddable":true,"href":"https:\/\/www.lavras24horas.com.br\/portal\/wp-json\/wp\/v2\/tags?post=248877"}],"curies":[{"name":"wp","href":"https:\/\/api.w.org\/{rel}","templated":true}]}}