{"id":248871,"date":"2019-09-24T07:00:44","date_gmt":"2019-09-24T10:00:44","guid":{"rendered":"https:\/\/www.lavras24horas.com.br\/portal\/?p=248871"},"modified":"2019-09-23T16:18:50","modified_gmt":"2019-09-23T19:18:50","slug":"infrator-e-preso-apos-furtar-bicicleta-em-lavras","status":"publish","type":"post","link":"https:\/\/www.lavras24horas.com.br\/portal\/infrator-e-preso-apos-furtar-bicicleta-em-lavras\/","title":{"rendered":"Infrator \u00e9 preso ap\u00f3s furtar bicicleta em Lavras"},"content":{"rendered":"<p>&nbsp;<\/p>\n<p>&nbsp;<\/p>\n<p style=\"text-align: justify;\">Segunda-feira (23), \u00e0s 06:29, em Lavras, os militares estiveram na rua \u00c1tila Jos\u00e9 Ribeiro, Centro, onde segundo informa\u00e7\u00f5es, um indiv\u00edduo havia entrado em uma constru\u00e7\u00e3o e furtado toda a fia\u00e7\u00e3o e uma bicicleta.<\/p>\n<p style=\"text-align: justify;\">O solicitante de 35 anos informou que o infrator teria usado uma escada para ultrapassar o muro, fugindo do local logo ap\u00f3s.<\/p>\n<div class=\"text_exposed_show\">\n<p style=\"text-align: justify;\">Os militares iniciaram o rastreamento, encontrando o infrator de 20 anos, em um lote vago, escondido entre folhagens e entulhos.<\/p>\n<p style=\"text-align: justify;\">Ali a equipe encontrou os materiais furtados.<\/p>\n<p style=\"text-align: justify;\">O infrator foi preso e seguiu at\u00e9 a Delegacia junto dos fios e da bicicleta recuperada.<\/p>\n<p style=\"text-align: justify;\">ACO\/8\u00baBPM<\/p>\n<\/div>\n","protected":false},"excerpt":{"rendered":"<p>&nbsp; &nbsp; Segunda-feira (23), \u00e0s 06:29, em Lavras, os militares estiveram na rua \u00c1tila Jos\u00e9 Ribeiro, Centro, onde segundo informa\u00e7\u00f5es, um indiv\u00edduo havia entrado em uma constru\u00e7\u00e3o e furtado toda a fia\u00e7\u00e3o e uma bicicleta. O solicitante de 35 anos informou que o infrator teria usado uma escada para ultrapassar o muro, fugindo do local [&hellip;]<\/p>\n","protected":false},"author":7,"featured_media":248872,"comment_status":"closed","ping_status":"closed","sticky":false,"template":"","format":"standard","meta":{"advanced_seo_description":"","jetpack_seo_html_title":"","jetpack_seo_noindex":false,"_jetpack_memberships_contains_paid_content":false,"footnotes":""},"categories":[12,4],"tags":[467,466],"class_list":["post-248871","post","type-post","status-publish","format-standard","has-post-thumbnail","hentry","category-destaques-1","category-lavras","tag-automatico","tag-rascunho"],"jetpack_featured_media_url":"https:\/\/i0.wp.com\/www.lavras24horas.com.br\/portal\/wp-content\/uploads\/2019\/09\/71211523_1178150475720796_5975675182465941504_n.jpg?fit=600%2C463&ssl=1","jetpack_sharing_enabled":true,"jetpack_likes_enabled":true,"_links":{"self":[{"href":"https:\/\/www.lavras24horas.com.br\/portal\/wp-json\/wp\/v2\/posts\/248871","targetHints":{"allow":["GET"]}}],"collection":[{"href":"https:\/\/www.lavras24horas.com.br\/portal\/wp-json\/wp\/v2\/posts"}],"about":[{"href":"https:\/\/www.lavras24horas.com.br\/portal\/wp-json\/wp\/v2\/types\/post"}],"author":[{"embeddable":true,"href":"https:\/\/www.lavras24horas.com.br\/portal\/wp-json\/wp\/v2\/users\/7"}],"replies":[{"embeddable":true,"href":"https:\/\/www.lavras24horas.com.br\/portal\/wp-json\/wp\/v2\/comments?post=248871"}],"version-history":[{"count":1,"href":"https:\/\/www.lavras24horas.com.br\/portal\/wp-json\/wp\/v2\/posts\/248871\/revisions"}],"predecessor-version":[{"id":248873,"href":"https:\/\/www.lavras24horas.com.br\/portal\/wp-json\/wp\/v2\/posts\/248871\/revisions\/248873"}],"wp:featuredmedia":[{"embeddable":true,"href":"https:\/\/www.lavras24horas.com.br\/portal\/wp-json\/wp\/v2\/media\/248872"}],"wp:attachment":[{"href":"https:\/\/www.lavras24horas.com.br\/portal\/wp-json\/wp\/v2\/media?parent=248871"}],"wp:term":[{"taxonomy":"category","embeddable":true,"href":"https:\/\/www.lavras24horas.com.br\/portal\/wp-json\/wp\/v2\/categories?post=248871"},{"taxonomy":"post_tag","embeddable":true,"href":"https:\/\/www.lavras24horas.com.br\/portal\/wp-json\/wp\/v2\/tags?post=248871"}],"curies":[{"name":"wp","href":"https:\/\/api.w.org\/{rel}","templated":true}]}}